{"id":6674,"date":"2026-04-28T18:20:54","date_gmt":"2026-04-28T16:20:54","guid":{"rendered":"https:\/\/kommt-zeit-kommt-rad.ch\/back-on-the-mainland-coasts-contrasts-and-little-adventures-from-cadiz-to-lisbon\/"},"modified":"2026-04-28T18:37:55","modified_gmt":"2026-04-28T16:37:55","slug":"back-on-the-mainland-coasts-contrasts-and-little-adventures-from-cadiz-to-lisbon","status":"publish","type":"post","link":"https:\/\/kommt-zeit-kommt-rad.ch\/en\/back-on-the-mainland-coasts-contrasts-and-little-adventures-from-cadiz-to-lisbon\/","title":{"rendered":"Back on the mainland \u2013 coasts, contrasts, and little adventures from C\u00e1diz to Lisbon"},"content":{"rendered":"\n<p>Route to the blog:<\/p>\n\n<figure class=\"wp-block-image size-large\"><img decoding=\"async\" src=\"https:\/\/kommt-zeit-kommt-rad.ch\/wp-content\/uploads\/2026\/04\/Route-zum-Blog-Zurueck-auf-dem-Festland-&#x2013;-Kuesten-Kontraste-und-kleine-Abenteuer-von-Cadiz-bis-Lissabon-1400x1264.png\" alt=\"\" class=\"wp-image-6666\"\/><\/figure>\n\n<p>We arrive in C\u00e1diz by ferry right on time at 8 a.m. Our rough plan is to first ride along the coast toward Portugal. However, we make our first stop in Chipiona, because just at that moment we receive a message from our Warmshower host saying that Beni\u2019s air mattress has been delivered to him by mail \ud83c\udf89\ud83d\ude03! What a stroke of luck. After the handoff, we hit the road again right away: We decide to pitch our tent a few kilometers further on. Since we really need a shower, we head to the \u201cCamping La Siesta de la Gaviota\u201d campground.<br\/>Since we\u2019ve been wearing our helmets almost all day, the receptionist at the campground immediately asks us if we\u2019re traveling by bike. When we say yes, they tell us: \u201cSince our boss wants to support cyclists, your first night is free.\u201d A brilliant offer we don\u2019t want to miss. We set up our tent on the beautiful meadow. Then it\u2019s time to inflate the air mattress and sleep\u2014without having to patch things up.         <\/p>\n\n<p>After two nights on the ferry, we really needed that good night\u2019s sleep, because the next adventure is already waiting: a roughly 30-kilometer stretch of beach in the Do\u00f1ana Nature Reserve between Sanl\u00facar and Matalasca\u00f1as, which is more or less passable. There are really only two options: either you take a long detour through Seville with heavy traffic, or you venture across the sand.<br\/>A tiny ferry takes us across the Guadalquivir River into the nature reserve\u2014and drops us right back onto the sand. Here, you\u2019re only allowed to hike or bike. Plus, you\u2019re warned what feels like a hundred times that camping is prohibited and the route is challenging.<br\/>The first 15 km feel really good. We make good progress and enjoy the complete seclusion\u2014just us and 30 km of sandy beach. About halfway through, however, the sand becomes softer in places, and the last few kilometers turn into a real challenge. At times, we have to push the bikes. Despite everything, it remains a unique experience. Only the occasional off-road tour buses passing by and the washed-up trash dampen the mood a bit.        <\/p>\n\n<figure class=\"wp-block-gallery has-nested-images columns-default is-cropped wp-block-gallery-1 is-layout-flex wp-block-gallery-is-layout-flex\">\n<figure class=\"wp-block-image size-medium_large\"><a href=\"https:\/\/kommt-zeit-kommt-rad.ch\/wp-content\/uploads\/2026\/04\/IMG_9187-scaled.jpeg\"><img fetchpriority=\"high\" decoding=\"async\" width=\"768\" height=\"576\" data-id=\"6579\" src=\"https:\/\/kommt-zeit-kommt-rad.ch\/wp-content\/uploads\/2026\/04\/IMG_9187-768x576.jpeg\" alt=\"\" class=\"wp-image-6579\" srcset=\"https:\/\/kommt-zeit-kommt-rad.ch\/wp-content\/uploads\/2026\/04\/IMG_9187-768x576.jpeg 768w, https:\/\/kommt-zeit-kommt-rad.ch\/wp-content\/uploads\/2026\/04\/IMG_9187-300x225.jpeg 300w, https:\/\/kommt-zeit-kommt-rad.ch\/wp-content\/uploads\/2026\/04\/IMG_9187-1400x1050.jpeg 1400w, https:\/\/kommt-zeit-kommt-rad.ch\/wp-content\/uploads\/2026\/04\/IMG_9187-1536x1152.jpeg 1536w, https:\/\/kommt-zeit-kommt-rad.ch\/wp-content\/uploads\/2026\/04\/IMG_9187-2048x1536.jpeg 2048w\" sizes=\"(max-width: 768px) 100vw, 768px\" \/><\/a><figcaption class=\"wp-element-caption\">In the background, you can see our ferry from the Canary Islands to C\u00e1diz<\/figcaption><\/figure>\n\n\n\n<figure class=\"wp-block-image size-medium_large\"><a href=\"https:\/\/kommt-zeit-kommt-rad.ch\/wp-content\/uploads\/2026\/04\/IMG_9189-scaled.jpeg\"><img decoding=\"async\" width=\"768\" height=\"576\" data-id=\"6580\" src=\"https:\/\/kommt-zeit-kommt-rad.ch\/wp-content\/uploads\/2026\/04\/IMG_9189-768x576.jpeg\" alt=\"\" class=\"wp-image-6580\" srcset=\"https:\/\/kommt-zeit-kommt-rad.ch\/wp-content\/uploads\/2026\/04\/IMG_9189-768x576.jpeg 768w, https:\/\/kommt-zeit-kommt-rad.ch\/wp-content\/uploads\/2026\/04\/IMG_9189-300x225.jpeg 300w, https:\/\/kommt-zeit-kommt-rad.ch\/wp-content\/uploads\/2026\/04\/IMG_9189-1400x1050.jpeg 1400w, https:\/\/kommt-zeit-kommt-rad.ch\/wp-content\/uploads\/2026\/04\/IMG_9189-1536x1152.jpeg 1536w, https:\/\/kommt-zeit-kommt-rad.ch\/wp-content\/uploads\/2026\/04\/IMG_9189-2048x1536.jpeg 2048w\" sizes=\"(max-width: 768px) 100vw, 768px\" \/><\/a><figcaption class=\"wp-element-caption\">Beni had to quickly repack his paraglider \ud83d\ude05<\/figcaption><\/figure>\n\n\n\n<figure class=\"wp-block-image size-medium_large\"><a href=\"https:\/\/kommt-zeit-kommt-rad.ch\/wp-content\/uploads\/2026\/04\/IMG_9195-scaled.jpeg\"><img decoding=\"async\" width=\"768\" height=\"576\" data-id=\"6581\" src=\"https:\/\/kommt-zeit-kommt-rad.ch\/wp-content\/uploads\/2026\/04\/IMG_9195-768x576.jpeg\" alt=\"\" class=\"wp-image-6581\" srcset=\"https:\/\/kommt-zeit-kommt-rad.ch\/wp-content\/uploads\/2026\/04\/IMG_9195-768x576.jpeg 768w, https:\/\/kommt-zeit-kommt-rad.ch\/wp-content\/uploads\/2026\/04\/IMG_9195-300x225.jpeg 300w, https:\/\/kommt-zeit-kommt-rad.ch\/wp-content\/uploads\/2026\/04\/IMG_9195-1400x1050.jpeg 1400w, https:\/\/kommt-zeit-kommt-rad.ch\/wp-content\/uploads\/2026\/04\/IMG_9195-1536x1152.jpeg 1536w, https:\/\/kommt-zeit-kommt-rad.ch\/wp-content\/uploads\/2026\/04\/IMG_9195-2048x1536.jpeg 2048w\" sizes=\"(max-width: 768px) 100vw, 768px\" \/><\/a><figcaption class=\"wp-element-caption\">Finally got my hands on the new sleeping pad \ud83c\udf89<\/figcaption><\/figure>\n\n\n\n<figure class=\"wp-block-image size-medium_large\"><a href=\"https:\/\/kommt-zeit-kommt-rad.ch\/wp-content\/uploads\/2026\/04\/IMG_9202-scaled.jpeg\"><img loading=\"lazy\" decoding=\"async\" width=\"768\" height=\"576\" data-id=\"6582\" src=\"https:\/\/kommt-zeit-kommt-rad.ch\/wp-content\/uploads\/2026\/04\/IMG_9202-768x576.jpeg\" alt=\"\" class=\"wp-image-6582\" srcset=\"https:\/\/kommt-zeit-kommt-rad.ch\/wp-content\/uploads\/2026\/04\/IMG_9202-768x576.jpeg 768w, https:\/\/kommt-zeit-kommt-rad.ch\/wp-content\/uploads\/2026\/04\/IMG_9202-300x225.jpeg 300w, https:\/\/kommt-zeit-kommt-rad.ch\/wp-content\/uploads\/2026\/04\/IMG_9202-1400x1050.jpeg 1400w, https:\/\/kommt-zeit-kommt-rad.ch\/wp-content\/uploads\/2026\/04\/IMG_9202-1536x1152.jpeg 1536w, https:\/\/kommt-zeit-kommt-rad.ch\/wp-content\/uploads\/2026\/04\/IMG_9202-2048x1536.jpeg 2048w\" sizes=\"(max-width: 768px) 100vw, 768px\" \/><\/a><figcaption class=\"wp-element-caption\">It\u2019s already being inaugurated \ud83d\ude02<\/figcaption><\/figure>\n\n\n\n<figure class=\"wp-block-image size-medium_large\"><a href=\"https:\/\/kommt-zeit-kommt-rad.ch\/wp-content\/uploads\/2026\/04\/IMG_9207-scaled.jpeg\"><img loading=\"lazy\" decoding=\"async\" width=\"768\" height=\"576\" data-id=\"6583\" src=\"https:\/\/kommt-zeit-kommt-rad.ch\/wp-content\/uploads\/2026\/04\/IMG_9207-768x576.jpeg\" alt=\"\" class=\"wp-image-6583\" srcset=\"https:\/\/kommt-zeit-kommt-rad.ch\/wp-content\/uploads\/2026\/04\/IMG_9207-768x576.jpeg 768w, https:\/\/kommt-zeit-kommt-rad.ch\/wp-content\/uploads\/2026\/04\/IMG_9207-300x225.jpeg 300w, https:\/\/kommt-zeit-kommt-rad.ch\/wp-content\/uploads\/2026\/04\/IMG_9207-1400x1050.jpeg 1400w, https:\/\/kommt-zeit-kommt-rad.ch\/wp-content\/uploads\/2026\/04\/IMG_9207-1536x1152.jpeg 1536w, https:\/\/kommt-zeit-kommt-rad.ch\/wp-content\/uploads\/2026\/04\/IMG_9207-2048x1536.jpeg 2048w\" sizes=\"(max-width: 768px) 100vw, 768px\" \/><\/a><figcaption class=\"wp-element-caption\">Free Camping<\/figcaption><\/figure>\n\n\n\n<figure class=\"wp-block-image size-medium_large\"><a href=\"https:\/\/kommt-zeit-kommt-rad.ch\/wp-content\/uploads\/2026\/04\/IMG_9215-scaled.jpeg\"><img loading=\"lazy\" decoding=\"async\" width=\"768\" height=\"576\" data-id=\"6584\" src=\"https:\/\/kommt-zeit-kommt-rad.ch\/wp-content\/uploads\/2026\/04\/IMG_9215-768x576.jpeg\" alt=\"\" class=\"wp-image-6584\" srcset=\"https:\/\/kommt-zeit-kommt-rad.ch\/wp-content\/uploads\/2026\/04\/IMG_9215-768x576.jpeg 768w, https:\/\/kommt-zeit-kommt-rad.ch\/wp-content\/uploads\/2026\/04\/IMG_9215-300x225.jpeg 300w, https:\/\/kommt-zeit-kommt-rad.ch\/wp-content\/uploads\/2026\/04\/IMG_9215-1400x1050.jpeg 1400w, https:\/\/kommt-zeit-kommt-rad.ch\/wp-content\/uploads\/2026\/04\/IMG_9215-1536x1152.jpeg 1536w, https:\/\/kommt-zeit-kommt-rad.ch\/wp-content\/uploads\/2026\/04\/IMG_9215-2048x1536.jpeg 2048w\" sizes=\"(max-width: 768px) 100vw, 768px\" \/><\/a><\/figure>\n\n\n\n<figure class=\"wp-block-image size-medium_large\"><a href=\"https:\/\/kommt-zeit-kommt-rad.ch\/wp-content\/uploads\/2026\/04\/IMG_9219-scaled.jpeg\"><img loading=\"lazy\" decoding=\"async\" width=\"768\" height=\"576\" data-id=\"6585\" src=\"https:\/\/kommt-zeit-kommt-rad.ch\/wp-content\/uploads\/2026\/04\/IMG_9219-768x576.jpeg\" alt=\"\" class=\"wp-image-6585\" srcset=\"https:\/\/kommt-zeit-kommt-rad.ch\/wp-content\/uploads\/2026\/04\/IMG_9219-768x576.jpeg 768w, https:\/\/kommt-zeit-kommt-rad.ch\/wp-content\/uploads\/2026\/04\/IMG_9219-300x225.jpeg 300w, https:\/\/kommt-zeit-kommt-rad.ch\/wp-content\/uploads\/2026\/04\/IMG_9219-1400x1050.jpeg 1400w, https:\/\/kommt-zeit-kommt-rad.ch\/wp-content\/uploads\/2026\/04\/IMG_9219-1536x1152.jpeg 1536w, https:\/\/kommt-zeit-kommt-rad.ch\/wp-content\/uploads\/2026\/04\/IMG_9219-2048x1536.jpeg 2048w\" sizes=\"(max-width: 768px) 100vw, 768px\" \/><\/a><figcaption class=\"wp-element-caption\">Ferry to the Do\u00f1ana Nature Reserve<\/figcaption><\/figure>\n\n\n\n<figure class=\"wp-block-image size-medium_large\"><a href=\"https:\/\/kommt-zeit-kommt-rad.ch\/wp-content\/uploads\/2026\/04\/IMG_9226-scaled.jpeg\"><img loading=\"lazy\" decoding=\"async\" width=\"768\" height=\"576\" data-id=\"6586\" src=\"https:\/\/kommt-zeit-kommt-rad.ch\/wp-content\/uploads\/2026\/04\/IMG_9226-768x576.jpeg\" alt=\"\" class=\"wp-image-6586\" srcset=\"https:\/\/kommt-zeit-kommt-rad.ch\/wp-content\/uploads\/2026\/04\/IMG_9226-768x576.jpeg 768w, https:\/\/kommt-zeit-kommt-rad.ch\/wp-content\/uploads\/2026\/04\/IMG_9226-300x225.jpeg 300w, https:\/\/kommt-zeit-kommt-rad.ch\/wp-content\/uploads\/2026\/04\/IMG_9226-1400x1050.jpeg 1400w, https:\/\/kommt-zeit-kommt-rad.ch\/wp-content\/uploads\/2026\/04\/IMG_9226-1536x1152.jpeg 1536w, https:\/\/kommt-zeit-kommt-rad.ch\/wp-content\/uploads\/2026\/04\/IMG_9226-2048x1536.jpeg 2048w\" sizes=\"(max-width: 768px) 100vw, 768px\" \/><\/a><figcaption class=\"wp-element-caption\">Everything for us&#8230;<\/figcaption><\/figure>\n\n\n\n<figure class=\"wp-block-image size-medium_large\"><a href=\"https:\/\/kommt-zeit-kommt-rad.ch\/wp-content\/uploads\/2026\/04\/IMG_9227-scaled.jpeg\"><img loading=\"lazy\" decoding=\"async\" width=\"768\" height=\"576\" data-id=\"6587\" src=\"https:\/\/kommt-zeit-kommt-rad.ch\/wp-content\/uploads\/2026\/04\/IMG_9227-768x576.jpeg\" alt=\"\" class=\"wp-image-6587\" srcset=\"https:\/\/kommt-zeit-kommt-rad.ch\/wp-content\/uploads\/2026\/04\/IMG_9227-768x576.jpeg 768w, https:\/\/kommt-zeit-kommt-rad.ch\/wp-content\/uploads\/2026\/04\/IMG_9227-300x225.jpeg 300w, https:\/\/kommt-zeit-kommt-rad.ch\/wp-content\/uploads\/2026\/04\/IMG_9227-1400x1050.jpeg 1400w, https:\/\/kommt-zeit-kommt-rad.ch\/wp-content\/uploads\/2026\/04\/IMG_9227-1536x1152.jpeg 1536w, https:\/\/kommt-zeit-kommt-rad.ch\/wp-content\/uploads\/2026\/04\/IMG_9227-2048x1536.jpeg 2048w\" sizes=\"(max-width: 768px) 100vw, 768px\" \/><\/a><figcaption class=\"wp-element-caption\">&#8230;almost<\/figcaption><\/figure>\n\n\n\n<figure class=\"wp-block-image size-medium_large\"><a href=\"https:\/\/kommt-zeit-kommt-rad.ch\/wp-content\/uploads\/2026\/04\/IMG_9231-scaled.jpeg\"><img loading=\"lazy\" decoding=\"async\" width=\"768\" height=\"576\" data-id=\"6588\" src=\"https:\/\/kommt-zeit-kommt-rad.ch\/wp-content\/uploads\/2026\/04\/IMG_9231-768x576.jpeg\" alt=\"\" class=\"wp-image-6588\" srcset=\"https:\/\/kommt-zeit-kommt-rad.ch\/wp-content\/uploads\/2026\/04\/IMG_9231-768x576.jpeg 768w, https:\/\/kommt-zeit-kommt-rad.ch\/wp-content\/uploads\/2026\/04\/IMG_9231-300x225.jpeg 300w, https:\/\/kommt-zeit-kommt-rad.ch\/wp-content\/uploads\/2026\/04\/IMG_9231-1400x1050.jpeg 1400w, https:\/\/kommt-zeit-kommt-rad.ch\/wp-content\/uploads\/2026\/04\/IMG_9231-1536x1152.jpeg 1536w, https:\/\/kommt-zeit-kommt-rad.ch\/wp-content\/uploads\/2026\/04\/IMG_9231-2048x1536.jpeg 2048w\" sizes=\"(max-width: 768px) 100vw, 768px\" \/><\/a><\/figure>\n\n\n\n<figure class=\"wp-block-image size-medium_large\"><a href=\"https:\/\/kommt-zeit-kommt-rad.ch\/wp-content\/uploads\/2026\/04\/IMG_9240-768x576.jpg\"><img loading=\"lazy\" decoding=\"async\" width=\"768\" height=\"576\" data-id=\"6589\" src=\"https:\/\/kommt-zeit-kommt-rad.ch\/wp-content\/uploads\/2026\/04\/IMG_9240-768x576.jpg\" alt=\"\" class=\"wp-image-6589\" srcset=\"https:\/\/kommt-zeit-kommt-rad.ch\/wp-content\/uploads\/2026\/04\/IMG_9240-768x576.jpg 768w, https:\/\/kommt-zeit-kommt-rad.ch\/wp-content\/uploads\/2026\/04\/IMG_9240-300x225.jpg 300w, https:\/\/kommt-zeit-kommt-rad.ch\/wp-content\/uploads\/2026\/04\/IMG_9240-1400x1050.jpg 1400w, https:\/\/kommt-zeit-kommt-rad.ch\/wp-content\/uploads\/2026\/04\/IMG_9240-1536x1152.jpg 1536w, https:\/\/kommt-zeit-kommt-rad.ch\/wp-content\/uploads\/2026\/04\/IMG_9240-2048x1536.jpg 2048w\" sizes=\"(max-width: 768px) 100vw, 768px\" \/><\/a><\/figure>\n\n\n\n<figure class=\"wp-block-image size-medium_large\"><a href=\"https:\/\/kommt-zeit-kommt-rad.ch\/wp-content\/uploads\/2026\/04\/IMG_9261-scaled.jpeg\"><img loading=\"lazy\" decoding=\"async\" width=\"768\" height=\"576\" data-id=\"6590\" src=\"https:\/\/kommt-zeit-kommt-rad.ch\/wp-content\/uploads\/2026\/04\/IMG_9261-768x576.jpeg\" alt=\"\" class=\"wp-image-6590\" srcset=\"https:\/\/kommt-zeit-kommt-rad.ch\/wp-content\/uploads\/2026\/04\/IMG_9261-768x576.jpeg 768w, https:\/\/kommt-zeit-kommt-rad.ch\/wp-content\/uploads\/2026\/04\/IMG_9261-300x225.jpeg 300w, https:\/\/kommt-zeit-kommt-rad.ch\/wp-content\/uploads\/2026\/04\/IMG_9261-1400x1050.jpeg 1400w, https:\/\/kommt-zeit-kommt-rad.ch\/wp-content\/uploads\/2026\/04\/IMG_9261-1536x1152.jpeg 1536w, https:\/\/kommt-zeit-kommt-rad.ch\/wp-content\/uploads\/2026\/04\/IMG_9261-2048x1536.jpeg 2048w\" sizes=\"(max-width: 768px) 100vw, 768px\" \/><\/a><\/figure>\n\n\n\n<figure class=\"wp-block-image size-medium_large\"><a href=\"https:\/\/kommt-zeit-kommt-rad.ch\/wp-content\/uploads\/2026\/04\/IMG_9271-scaled.jpeg\"><img loading=\"lazy\" decoding=\"async\" width=\"768\" height=\"576\" data-id=\"6591\" src=\"https:\/\/kommt-zeit-kommt-rad.ch\/wp-content\/uploads\/2026\/04\/IMG_9271-768x576.jpeg\" alt=\"\" class=\"wp-image-6591\" srcset=\"https:\/\/kommt-zeit-kommt-rad.ch\/wp-content\/uploads\/2026\/04\/IMG_9271-768x576.jpeg 768w, https:\/\/kommt-zeit-kommt-rad.ch\/wp-content\/uploads\/2026\/04\/IMG_9271-300x225.jpeg 300w, https:\/\/kommt-zeit-kommt-rad.ch\/wp-content\/uploads\/2026\/04\/IMG_9271-1400x1050.jpeg 1400w, https:\/\/kommt-zeit-kommt-rad.ch\/wp-content\/uploads\/2026\/04\/IMG_9271-1536x1152.jpeg 1536w, https:\/\/kommt-zeit-kommt-rad.ch\/wp-content\/uploads\/2026\/04\/IMG_9271-2048x1536.jpeg 2048w\" sizes=\"(max-width: 768px) 100vw, 768px\" \/><\/a><\/figure>\n\n\n\n<figure class=\"wp-block-image size-medium_large\"><a href=\"https:\/\/kommt-zeit-kommt-rad.ch\/wp-content\/uploads\/2026\/04\/IMG_9273-768x576.jpeg\"><img loading=\"lazy\" decoding=\"async\" width=\"768\" height=\"576\" data-id=\"6592\" src=\"https:\/\/kommt-zeit-kommt-rad.ch\/wp-content\/uploads\/2026\/04\/IMG_9273-768x576.jpeg\" alt=\"\" class=\"wp-image-6592\" srcset=\"https:\/\/kommt-zeit-kommt-rad.ch\/wp-content\/uploads\/2026\/04\/IMG_9273-768x576.jpeg 768w, https:\/\/kommt-zeit-kommt-rad.ch\/wp-content\/uploads\/2026\/04\/IMG_9273-300x225.jpeg 300w, https:\/\/kommt-zeit-kommt-rad.ch\/wp-content\/uploads\/2026\/04\/IMG_9273-1400x1050.jpeg 1400w, https:\/\/kommt-zeit-kommt-rad.ch\/wp-content\/uploads\/2026\/04\/IMG_9273-1536x1152.jpeg 1536w, https:\/\/kommt-zeit-kommt-rad.ch\/wp-content\/uploads\/2026\/04\/IMG_9273-2048x1536.jpeg 2048w\" sizes=\"(max-width: 768px) 100vw, 768px\" \/><\/a><\/figure>\n\n\n\n<figure class=\"wp-block-image size-medium_large\"><a href=\"https:\/\/kommt-zeit-kommt-rad.ch\/wp-content\/uploads\/2026\/04\/IMG_9277-scaled.jpeg\"><img loading=\"lazy\" decoding=\"async\" width=\"768\" height=\"576\" data-id=\"6593\" src=\"https:\/\/kommt-zeit-kommt-rad.ch\/wp-content\/uploads\/2026\/04\/IMG_9277-768x576.jpeg\" alt=\"\" class=\"wp-image-6593\" srcset=\"https:\/\/kommt-zeit-kommt-rad.ch\/wp-content\/uploads\/2026\/04\/IMG_9277-768x576.jpeg 768w, https:\/\/kommt-zeit-kommt-rad.ch\/wp-content\/uploads\/2026\/04\/IMG_9277-300x225.jpeg 300w, https:\/\/kommt-zeit-kommt-rad.ch\/wp-content\/uploads\/2026\/04\/IMG_9277-1400x1050.jpeg 1400w, https:\/\/kommt-zeit-kommt-rad.ch\/wp-content\/uploads\/2026\/04\/IMG_9277-1536x1152.jpeg 1536w, https:\/\/kommt-zeit-kommt-rad.ch\/wp-content\/uploads\/2026\/04\/IMG_9277-2048x1536.jpeg 2048w\" sizes=\"(max-width: 768px) 100vw, 768px\" \/><\/a><figcaption class=\"wp-element-caption\">After 30 km, Matalasca\u00f1as\u2014and thus paved roads\u2014are finally in sight<\/figcaption><\/figure>\n\n\n\n<figure class=\"wp-block-image size-medium_large\"><a href=\"https:\/\/kommt-zeit-kommt-rad.ch\/wp-content\/uploads\/2026\/04\/IMG_9278-scaled.jpeg\"><img loading=\"lazy\" decoding=\"async\" width=\"768\" height=\"576\" data-id=\"6594\" src=\"https:\/\/kommt-zeit-kommt-rad.ch\/wp-content\/uploads\/2026\/04\/IMG_9278-768x576.jpeg\" alt=\"\" class=\"wp-image-6594\" srcset=\"https:\/\/kommt-zeit-kommt-rad.ch\/wp-content\/uploads\/2026\/04\/IMG_9278-768x576.jpeg 768w, https:\/\/kommt-zeit-kommt-rad.ch\/wp-content\/uploads\/2026\/04\/IMG_9278-300x225.jpeg 300w, https:\/\/kommt-zeit-kommt-rad.ch\/wp-content\/uploads\/2026\/04\/IMG_9278-1400x1050.jpeg 1400w, https:\/\/kommt-zeit-kommt-rad.ch\/wp-content\/uploads\/2026\/04\/IMG_9278-1536x1152.jpeg 1536w, https:\/\/kommt-zeit-kommt-rad.ch\/wp-content\/uploads\/2026\/04\/IMG_9278-2048x1536.jpeg 2048w\" sizes=\"(max-width: 768px) 100vw, 768px\" \/><\/a><\/figure>\n<\/figure>\n\n<p>The next stretch, past the port of Huelva, is, on the other hand, rather unattractive. Everywhere there are huge industrial complexes, black smoke, and poor bike paths, some of which simply end at a heavily trafficked bridge where cycling is prohibited \ud83e\udee3. Nevertheless, the city of Huelva also offers some beautiful views and buildings.<br\/>Now it\u2019s not far to the Portuguese border. We\u2019re enjoying the weather to the fullest\u2014a great decision to leave the Canary Islands and return to the mainland. Just in time for our arrival, the weather has improved significantly. As you may have noticed, winter in southern Spain and Portugal was marked by numerous floods and extreme rainfall. Now the sun is smiling down on us every day in the weather forecast.<br\/>Finally, we reach the border town of Ayamonte, where we take another small ferry to Portugal. Finally, a new country again.       <\/p>\n\n<figure class=\"wp-block-gallery has-nested-images columns-default is-cropped wp-block-gallery-2 is-layout-flex wp-block-gallery-is-layout-flex\">\n<figure class=\"wp-block-image size-medium_large\"><a href=\"https:\/\/kommt-zeit-kommt-rad.ch\/wp-content\/uploads\/2026\/04\/IMG_9281-scaled.jpeg\"><img loading=\"lazy\" decoding=\"async\" width=\"768\" height=\"576\" data-id=\"6595\" src=\"https:\/\/kommt-zeit-kommt-rad.ch\/wp-content\/uploads\/2026\/04\/IMG_9281-768x576.jpeg\" alt=\"\" class=\"wp-image-6595\" srcset=\"https:\/\/kommt-zeit-kommt-rad.ch\/wp-content\/uploads\/2026\/04\/IMG_9281-768x576.jpeg 768w, https:\/\/kommt-zeit-kommt-rad.ch\/wp-content\/uploads\/2026\/04\/IMG_9281-300x225.jpeg 300w, https:\/\/kommt-zeit-kommt-rad.ch\/wp-content\/uploads\/2026\/04\/IMG_9281-1400x1050.jpeg 1400w, https:\/\/kommt-zeit-kommt-rad.ch\/wp-content\/uploads\/2026\/04\/IMG_9281-1536x1152.jpeg 1536w, https:\/\/kommt-zeit-kommt-rad.ch\/wp-content\/uploads\/2026\/04\/IMG_9281-2048x1536.jpeg 2048w\" sizes=\"(max-width: 768px) 100vw, 768px\" \/><\/a><figcaption class=\"wp-element-caption\">In the parks (with playgrounds, etc.), they just spray the toxic stuff around.<\/figcaption><\/figure>\n\n\n\n<figure class=\"wp-block-image size-medium_large\"><a href=\"https:\/\/kommt-zeit-kommt-rad.ch\/wp-content\/uploads\/2026\/04\/IMG_9292-768x461.jpeg\"><img loading=\"lazy\" decoding=\"async\" width=\"768\" height=\"461\" data-id=\"6601\" src=\"https:\/\/kommt-zeit-kommt-rad.ch\/wp-content\/uploads\/2026\/04\/IMG_9292-768x461.jpeg\" alt=\"\" class=\"wp-image-6601\" srcset=\"https:\/\/kommt-zeit-kommt-rad.ch\/wp-content\/uploads\/2026\/04\/IMG_9292-768x461.jpeg 768w, https:\/\/kommt-zeit-kommt-rad.ch\/wp-content\/uploads\/2026\/04\/IMG_9292-300x180.jpeg 300w, https:\/\/kommt-zeit-kommt-rad.ch\/wp-content\/uploads\/2026\/04\/IMG_9292-1400x840.jpeg 1400w, https:\/\/kommt-zeit-kommt-rad.ch\/wp-content\/uploads\/2026\/04\/IMG_9292-1536x921.jpeg 1536w, https:\/\/kommt-zeit-kommt-rad.ch\/wp-content\/uploads\/2026\/04\/IMG_9292-2048x1228.jpeg 2048w\" sizes=\"(max-width: 768px) 100vw, 768px\" \/><\/a><figcaption class=\"wp-element-caption\">Here is the warning: &#8220;ATTENTION!!<br\/>TREATMENT<br\/>WITH HERBICIDES<br\/>WE APOLOGIZE FOR THE INCONVENIENCE&#8221;<\/figcaption><\/figure>\n\n\n\n<figure class=\"wp-block-image size-medium_large\"><a href=\"https:\/\/kommt-zeit-kommt-rad.ch\/wp-content\/uploads\/2026\/04\/IMG_9282-scaled.jpeg\"><img loading=\"lazy\" decoding=\"async\" width=\"768\" height=\"576\" data-id=\"6596\" src=\"https:\/\/kommt-zeit-kommt-rad.ch\/wp-content\/uploads\/2026\/04\/IMG_9282-768x576.jpeg\" alt=\"\" class=\"wp-image-6596\" srcset=\"https:\/\/kommt-zeit-kommt-rad.ch\/wp-content\/uploads\/2026\/04\/IMG_9282-768x576.jpeg 768w, https:\/\/kommt-zeit-kommt-rad.ch\/wp-content\/uploads\/2026\/04\/IMG_9282-300x225.jpeg 300w, https:\/\/kommt-zeit-kommt-rad.ch\/wp-content\/uploads\/2026\/04\/IMG_9282-1400x1050.jpeg 1400w, https:\/\/kommt-zeit-kommt-rad.ch\/wp-content\/uploads\/2026\/04\/IMG_9282-1536x1152.jpeg 1536w, https:\/\/kommt-zeit-kommt-rad.ch\/wp-content\/uploads\/2026\/04\/IMG_9282-2048x1536.jpeg 2048w\" sizes=\"(max-width: 768px) 100vw, 768px\" \/><\/a><figcaption class=\"wp-element-caption\">It&#8217;s already finished on the left. Now everything is ready for the tourists during the season \ud83e\udd2f <\/figcaption><\/figure>\n\n\n\n<figure class=\"wp-block-image size-medium_large\"><a href=\"https:\/\/kommt-zeit-kommt-rad.ch\/wp-content\/uploads\/2026\/04\/IMG_9283-scaled.jpeg\"><img loading=\"lazy\" decoding=\"async\" width=\"768\" height=\"576\" data-id=\"6597\" src=\"https:\/\/kommt-zeit-kommt-rad.ch\/wp-content\/uploads\/2026\/04\/IMG_9283-768x576.jpeg\" alt=\"\" class=\"wp-image-6597\" srcset=\"https:\/\/kommt-zeit-kommt-rad.ch\/wp-content\/uploads\/2026\/04\/IMG_9283-768x576.jpeg 768w, https:\/\/kommt-zeit-kommt-rad.ch\/wp-content\/uploads\/2026\/04\/IMG_9283-300x225.jpeg 300w, https:\/\/kommt-zeit-kommt-rad.ch\/wp-content\/uploads\/2026\/04\/IMG_9283-1400x1050.jpeg 1400w, https:\/\/kommt-zeit-kommt-rad.ch\/wp-content\/uploads\/2026\/04\/IMG_9283-1536x1152.jpeg 1536w, https:\/\/kommt-zeit-kommt-rad.ch\/wp-content\/uploads\/2026\/04\/IMG_9283-2048x1536.jpeg 2048w\" sizes=\"(max-width: 768px) 100vw, 768px\" \/><\/a><figcaption class=\"wp-element-caption\">EuroVelo 1<\/figcaption><\/figure>\n\n\n\n<figure class=\"wp-block-image size-medium_large\"><a href=\"https:\/\/kommt-zeit-kommt-rad.ch\/wp-content\/uploads\/2026\/04\/IMG_9284-scaled.jpeg\"><img loading=\"lazy\" decoding=\"async\" width=\"768\" height=\"576\" data-id=\"6598\" src=\"https:\/\/kommt-zeit-kommt-rad.ch\/wp-content\/uploads\/2026\/04\/IMG_9284-768x576.jpeg\" alt=\"\" class=\"wp-image-6598\" srcset=\"https:\/\/kommt-zeit-kommt-rad.ch\/wp-content\/uploads\/2026\/04\/IMG_9284-768x576.jpeg 768w, https:\/\/kommt-zeit-kommt-rad.ch\/wp-content\/uploads\/2026\/04\/IMG_9284-300x225.jpeg 300w, https:\/\/kommt-zeit-kommt-rad.ch\/wp-content\/uploads\/2026\/04\/IMG_9284-1400x1050.jpeg 1400w, https:\/\/kommt-zeit-kommt-rad.ch\/wp-content\/uploads\/2026\/04\/IMG_9284-1536x1152.jpeg 1536w, https:\/\/kommt-zeit-kommt-rad.ch\/wp-content\/uploads\/2026\/04\/IMG_9284-2048x1536.jpeg 2048w\" sizes=\"(max-width: 768px) 100vw, 768px\" \/><\/a><\/figure>\n\n\n\n<figure class=\"wp-block-image size-medium_large\"><a href=\"https:\/\/kommt-zeit-kommt-rad.ch\/wp-content\/uploads\/2026\/04\/IMG_9287-scaled.jpeg\"><img loading=\"lazy\" decoding=\"async\" width=\"768\" height=\"576\" data-id=\"6599\" src=\"https:\/\/kommt-zeit-kommt-rad.ch\/wp-content\/uploads\/2026\/04\/IMG_9287-768x576.jpeg\" alt=\"\" class=\"wp-image-6599\" srcset=\"https:\/\/kommt-zeit-kommt-rad.ch\/wp-content\/uploads\/2026\/04\/IMG_9287-768x576.jpeg 768w, https:\/\/kommt-zeit-kommt-rad.ch\/wp-content\/uploads\/2026\/04\/IMG_9287-300x225.jpeg 300w, https:\/\/kommt-zeit-kommt-rad.ch\/wp-content\/uploads\/2026\/04\/IMG_9287-1400x1050.jpeg 1400w, https:\/\/kommt-zeit-kommt-rad.ch\/wp-content\/uploads\/2026\/04\/IMG_9287-1536x1152.jpeg 1536w, https:\/\/kommt-zeit-kommt-rad.ch\/wp-content\/uploads\/2026\/04\/IMG_9287-2048x1536.jpeg 2048w\" sizes=\"(max-width: 768px) 100vw, 768px\" \/><\/a><\/figure>\n\n\n\n<figure class=\"wp-block-image size-medium_large\"><a href=\"https:\/\/kommt-zeit-kommt-rad.ch\/wp-content\/uploads\/2026\/04\/IMG_9289-scaled.jpeg\"><img loading=\"lazy\" decoding=\"async\" width=\"768\" height=\"576\" data-id=\"6600\" src=\"https:\/\/kommt-zeit-kommt-rad.ch\/wp-content\/uploads\/2026\/04\/IMG_9289-768x576.jpeg\" alt=\"\" class=\"wp-image-6600\" srcset=\"https:\/\/kommt-zeit-kommt-rad.ch\/wp-content\/uploads\/2026\/04\/IMG_9289-768x576.jpeg 768w, https:\/\/kommt-zeit-kommt-rad.ch\/wp-content\/uploads\/2026\/04\/IMG_9289-300x225.jpeg 300w, https:\/\/kommt-zeit-kommt-rad.ch\/wp-content\/uploads\/2026\/04\/IMG_9289-1400x1050.jpeg 1400w, https:\/\/kommt-zeit-kommt-rad.ch\/wp-content\/uploads\/2026\/04\/IMG_9289-1536x1152.jpeg 1536w, https:\/\/kommt-zeit-kommt-rad.ch\/wp-content\/uploads\/2026\/04\/IMG_9289-2048x1536.jpeg 2048w\" sizes=\"(max-width: 768px) 100vw, 768px\" \/><\/a><figcaption class=\"wp-element-caption\">There are always a few beautiful stretches here and there, usually marked by a sign and funded by the EU<\/figcaption><\/figure>\n\n\n\n<figure class=\"wp-block-image size-medium_large\"><a href=\"https:\/\/kommt-zeit-kommt-rad.ch\/wp-content\/uploads\/2026\/04\/IMG_9294-scaled.jpeg\"><img loading=\"lazy\" decoding=\"async\" width=\"768\" height=\"576\" data-id=\"6602\" src=\"https:\/\/kommt-zeit-kommt-rad.ch\/wp-content\/uploads\/2026\/04\/IMG_9294-768x576.jpeg\" alt=\"\" class=\"wp-image-6602\" srcset=\"https:\/\/kommt-zeit-kommt-rad.ch\/wp-content\/uploads\/2026\/04\/IMG_9294-768x576.jpeg 768w, https:\/\/kommt-zeit-kommt-rad.ch\/wp-content\/uploads\/2026\/04\/IMG_9294-300x225.jpeg 300w, https:\/\/kommt-zeit-kommt-rad.ch\/wp-content\/uploads\/2026\/04\/IMG_9294-1400x1050.jpeg 1400w, https:\/\/kommt-zeit-kommt-rad.ch\/wp-content\/uploads\/2026\/04\/IMG_9294-1536x1152.jpeg 1536w, https:\/\/kommt-zeit-kommt-rad.ch\/wp-content\/uploads\/2026\/04\/IMG_9294-2048x1536.jpeg 2048w\" sizes=\"(max-width: 768px) 100vw, 768px\" \/><\/a><figcaption class=\"wp-element-caption\">The port area of Huelva<\/figcaption><\/figure>\n\n\n\n<figure class=\"wp-block-image size-medium_large\"><a href=\"https:\/\/kommt-zeit-kommt-rad.ch\/wp-content\/uploads\/2026\/04\/IMG_9295-scaled.jpeg\"><img loading=\"lazy\" decoding=\"async\" width=\"768\" height=\"576\" data-id=\"6603\" src=\"https:\/\/kommt-zeit-kommt-rad.ch\/wp-content\/uploads\/2026\/04\/IMG_9295-768x576.jpeg\" alt=\"\" class=\"wp-image-6603\" srcset=\"https:\/\/kommt-zeit-kommt-rad.ch\/wp-content\/uploads\/2026\/04\/IMG_9295-768x576.jpeg 768w, https:\/\/kommt-zeit-kommt-rad.ch\/wp-content\/uploads\/2026\/04\/IMG_9295-300x225.jpeg 300w, https:\/\/kommt-zeit-kommt-rad.ch\/wp-content\/uploads\/2026\/04\/IMG_9295-1400x1050.jpeg 1400w, https:\/\/kommt-zeit-kommt-rad.ch\/wp-content\/uploads\/2026\/04\/IMG_9295-1536x1152.jpeg 1536w, https:\/\/kommt-zeit-kommt-rad.ch\/wp-content\/uploads\/2026\/04\/IMG_9295-2048x1536.jpeg 2048w\" sizes=\"(max-width: 768px) 100vw, 768px\" \/><\/a><\/figure>\n\n\n\n<figure class=\"wp-block-image size-medium_large\"><a href=\"https:\/\/kommt-zeit-kommt-rad.ch\/wp-content\/uploads\/2026\/04\/IMG_9298-scaled.jpeg\"><img loading=\"lazy\" decoding=\"async\" width=\"768\" height=\"576\" data-id=\"6604\" src=\"https:\/\/kommt-zeit-kommt-rad.ch\/wp-content\/uploads\/2026\/04\/IMG_9298-768x576.jpeg\" alt=\"\" class=\"wp-image-6604\" srcset=\"https:\/\/kommt-zeit-kommt-rad.ch\/wp-content\/uploads\/2026\/04\/IMG_9298-768x576.jpeg 768w, https:\/\/kommt-zeit-kommt-rad.ch\/wp-content\/uploads\/2026\/04\/IMG_9298-300x225.jpeg 300w, https:\/\/kommt-zeit-kommt-rad.ch\/wp-content\/uploads\/2026\/04\/IMG_9298-1400x1050.jpeg 1400w, https:\/\/kommt-zeit-kommt-rad.ch\/wp-content\/uploads\/2026\/04\/IMG_9298-1536x1152.jpeg 1536w, https:\/\/kommt-zeit-kommt-rad.ch\/wp-content\/uploads\/2026\/04\/IMG_9298-2048x1536.jpeg 2048w\" sizes=\"(max-width: 768px) 100vw, 768px\" \/><\/a><\/figure>\n\n\n\n<figure class=\"wp-block-image size-medium_large\"><a href=\"https:\/\/kommt-zeit-kommt-rad.ch\/wp-content\/uploads\/2026\/04\/IMG_9299-scaled.jpeg\"><img loading=\"lazy\" decoding=\"async\" width=\"768\" height=\"576\" data-id=\"6605\" src=\"https:\/\/kommt-zeit-kommt-rad.ch\/wp-content\/uploads\/2026\/04\/IMG_9299-768x576.jpeg\" alt=\"\" class=\"wp-image-6605\" srcset=\"https:\/\/kommt-zeit-kommt-rad.ch\/wp-content\/uploads\/2026\/04\/IMG_9299-768x576.jpeg 768w, https:\/\/kommt-zeit-kommt-rad.ch\/wp-content\/uploads\/2026\/04\/IMG_9299-300x225.jpeg 300w, https:\/\/kommt-zeit-kommt-rad.ch\/wp-content\/uploads\/2026\/04\/IMG_9299-1400x1050.jpeg 1400w, https:\/\/kommt-zeit-kommt-rad.ch\/wp-content\/uploads\/2026\/04\/IMG_9299-1536x1152.jpeg 1536w, https:\/\/kommt-zeit-kommt-rad.ch\/wp-content\/uploads\/2026\/04\/IMG_9299-2048x1536.jpeg 2048w\" sizes=\"(max-width: 768px) 100vw, 768px\" \/><\/a><\/figure>\n\n\n\n<figure class=\"wp-block-image size-medium_large\"><a href=\"https:\/\/kommt-zeit-kommt-rad.ch\/wp-content\/uploads\/2026\/04\/IMG_9300-scaled.jpeg\"><img loading=\"lazy\" decoding=\"async\" width=\"768\" height=\"576\" data-id=\"6606\" src=\"https:\/\/kommt-zeit-kommt-rad.ch\/wp-content\/uploads\/2026\/04\/IMG_9300-768x576.jpeg\" alt=\"\" class=\"wp-image-6606\" srcset=\"https:\/\/kommt-zeit-kommt-rad.ch\/wp-content\/uploads\/2026\/04\/IMG_9300-768x576.jpeg 768w, https:\/\/kommt-zeit-kommt-rad.ch\/wp-content\/uploads\/2026\/04\/IMG_9300-300x225.jpeg 300w, https:\/\/kommt-zeit-kommt-rad.ch\/wp-content\/uploads\/2026\/04\/IMG_9300-1400x1050.jpeg 1400w, https:\/\/kommt-zeit-kommt-rad.ch\/wp-content\/uploads\/2026\/04\/IMG_9300-1536x1152.jpeg 1536w, https:\/\/kommt-zeit-kommt-rad.ch\/wp-content\/uploads\/2026\/04\/IMG_9300-2048x1536.jpeg 2048w\" sizes=\"(max-width: 768px) 100vw, 768px\" \/><\/a><figcaption class=\"wp-element-caption\">Huelva itself<\/figcaption><\/figure>\n\n\n\n<figure class=\"wp-block-image size-medium_large\"><a href=\"https:\/\/kommt-zeit-kommt-rad.ch\/wp-content\/uploads\/2026\/04\/IMG_9316-scaled.jpeg\"><img loading=\"lazy\" decoding=\"async\" width=\"768\" height=\"576\" data-id=\"6607\" src=\"https:\/\/kommt-zeit-kommt-rad.ch\/wp-content\/uploads\/2026\/04\/IMG_9316-768x576.jpeg\" alt=\"\" class=\"wp-image-6607\" srcset=\"https:\/\/kommt-zeit-kommt-rad.ch\/wp-content\/uploads\/2026\/04\/IMG_9316-768x576.jpeg 768w, https:\/\/kommt-zeit-kommt-rad.ch\/wp-content\/uploads\/2026\/04\/IMG_9316-300x225.jpeg 300w, https:\/\/kommt-zeit-kommt-rad.ch\/wp-content\/uploads\/2026\/04\/IMG_9316-1400x1050.jpeg 1400w, https:\/\/kommt-zeit-kommt-rad.ch\/wp-content\/uploads\/2026\/04\/IMG_9316-1536x1152.jpeg 1536w, https:\/\/kommt-zeit-kommt-rad.ch\/wp-content\/uploads\/2026\/04\/IMG_9316-2048x1536.jpeg 2048w\" sizes=\"(max-width: 768px) 100vw, 768px\" \/><\/a><figcaption class=\"wp-element-caption\">Everything is blooming beautifully<\/figcaption><\/figure>\n\n\n\n<figure class=\"wp-block-image size-medium_large\"><a href=\"https:\/\/kommt-zeit-kommt-rad.ch\/wp-content\/uploads\/2026\/04\/IMG_9319-scaled.jpeg\"><img loading=\"lazy\" decoding=\"async\" width=\"768\" height=\"576\" data-id=\"6608\" src=\"https:\/\/kommt-zeit-kommt-rad.ch\/wp-content\/uploads\/2026\/04\/IMG_9319-768x576.jpeg\" alt=\"\" class=\"wp-image-6608\" srcset=\"https:\/\/kommt-zeit-kommt-rad.ch\/wp-content\/uploads\/2026\/04\/IMG_9319-768x576.jpeg 768w, https:\/\/kommt-zeit-kommt-rad.ch\/wp-content\/uploads\/2026\/04\/IMG_9319-300x225.jpeg 300w, https:\/\/kommt-zeit-kommt-rad.ch\/wp-content\/uploads\/2026\/04\/IMG_9319-1400x1050.jpeg 1400w, https:\/\/kommt-zeit-kommt-rad.ch\/wp-content\/uploads\/2026\/04\/IMG_9319-1536x1152.jpeg 1536w, https:\/\/kommt-zeit-kommt-rad.ch\/wp-content\/uploads\/2026\/04\/IMG_9319-2048x1536.jpeg 2048w\" sizes=\"(max-width: 768px) 100vw, 768px\" \/><\/a><\/figure>\n\n\n\n<figure class=\"wp-block-image size-medium_large\"><a href=\"https:\/\/kommt-zeit-kommt-rad.ch\/wp-content\/uploads\/2026\/04\/IMG_9320-scaled.jpeg\"><img loading=\"lazy\" decoding=\"async\" width=\"768\" height=\"576\" data-id=\"6609\" src=\"https:\/\/kommt-zeit-kommt-rad.ch\/wp-content\/uploads\/2026\/04\/IMG_9320-768x576.jpeg\" alt=\"\" class=\"wp-image-6609\" srcset=\"https:\/\/kommt-zeit-kommt-rad.ch\/wp-content\/uploads\/2026\/04\/IMG_9320-768x576.jpeg 768w, https:\/\/kommt-zeit-kommt-rad.ch\/wp-content\/uploads\/2026\/04\/IMG_9320-300x225.jpeg 300w, https:\/\/kommt-zeit-kommt-rad.ch\/wp-content\/uploads\/2026\/04\/IMG_9320-1400x1050.jpeg 1400w, https:\/\/kommt-zeit-kommt-rad.ch\/wp-content\/uploads\/2026\/04\/IMG_9320-1536x1152.jpeg 1536w, https:\/\/kommt-zeit-kommt-rad.ch\/wp-content\/uploads\/2026\/04\/IMG_9320-2048x1536.jpeg 2048w\" sizes=\"(max-width: 768px) 100vw, 768px\" \/><\/a><figcaption class=\"wp-element-caption\">The strawberries are already ripe!<\/figcaption><\/figure>\n\n\n\n<figure class=\"wp-block-image size-medium_large\"><a href=\"https:\/\/kommt-zeit-kommt-rad.ch\/wp-content\/uploads\/2026\/04\/IMG_9325-scaled.jpeg\"><img loading=\"lazy\" decoding=\"async\" width=\"768\" height=\"576\" data-id=\"6610\" src=\"https:\/\/kommt-zeit-kommt-rad.ch\/wp-content\/uploads\/2026\/04\/IMG_9325-768x576.jpeg\" alt=\"\" class=\"wp-image-6610\" srcset=\"https:\/\/kommt-zeit-kommt-rad.ch\/wp-content\/uploads\/2026\/04\/IMG_9325-768x576.jpeg 768w, https:\/\/kommt-zeit-kommt-rad.ch\/wp-content\/uploads\/2026\/04\/IMG_9325-300x225.jpeg 300w, https:\/\/kommt-zeit-kommt-rad.ch\/wp-content\/uploads\/2026\/04\/IMG_9325-1400x1050.jpeg 1400w, https:\/\/kommt-zeit-kommt-rad.ch\/wp-content\/uploads\/2026\/04\/IMG_9325-1536x1152.jpeg 1536w, https:\/\/kommt-zeit-kommt-rad.ch\/wp-content\/uploads\/2026\/04\/IMG_9325-2048x1536.jpeg 2048w\" sizes=\"(max-width: 768px) 100vw, 768px\" \/><\/a><figcaption class=\"wp-element-caption\">Ferry to Portugal<\/figcaption><\/figure>\n\n\n\n<figure class=\"wp-block-image size-medium_large\"><a href=\"https:\/\/kommt-zeit-kommt-rad.ch\/wp-content\/uploads\/2026\/04\/IMG_9330-scaled.jpeg\"><img loading=\"lazy\" decoding=\"async\" width=\"768\" height=\"576\" data-id=\"6611\" src=\"https:\/\/kommt-zeit-kommt-rad.ch\/wp-content\/uploads\/2026\/04\/IMG_9330-768x576.jpeg\" alt=\"\" class=\"wp-image-6611\" srcset=\"https:\/\/kommt-zeit-kommt-rad.ch\/wp-content\/uploads\/2026\/04\/IMG_9330-768x576.jpeg 768w, https:\/\/kommt-zeit-kommt-rad.ch\/wp-content\/uploads\/2026\/04\/IMG_9330-300x225.jpeg 300w, https:\/\/kommt-zeit-kommt-rad.ch\/wp-content\/uploads\/2026\/04\/IMG_9330-1400x1050.jpeg 1400w, https:\/\/kommt-zeit-kommt-rad.ch\/wp-content\/uploads\/2026\/04\/IMG_9330-1536x1152.jpeg 1536w, https:\/\/kommt-zeit-kommt-rad.ch\/wp-content\/uploads\/2026\/04\/IMG_9330-2048x1536.jpeg 2048w\" sizes=\"(max-width: 768px) 100vw, 768px\" \/><\/a><\/figure>\n<\/figure>\n\n<p>We quickly realize that our limited Spanish won\u2019t get us very far here. The words often look similar, but the language sounds completely different\u2014almost as if someone were speaking Spanish with a strong Russian accent \ud83d\ude05. At least the Portuguese speak English much better than the Spanish, so we manage just fine.<br\/>Aside from the language, the driving behavior of motorists also changes noticeably\u2014unfortunately for the worse. In Spain, we\u2019re almost always passed at a safe distance, while in Portugal it feels like every other car is cutting us off. Since we\u2019re now mostly traveling along EuroVelo 1 through the Algarve, we initially think it\u2019ll be fine. But we were wrong: Aside from a few beautiful sections funded by the EU, EuroVelo 1 is often simply synonymous with heavily trafficked main roads\u2014a real outrage. It should actually be possible to revoke the EV1 status from such routes!      <br\/>Otherwise, the Algarve hasn\u2019t really wowed us so far. Sure, every now and then we come across those spectacular cliff landscapes you see in pictures. But most of the time we aren\u2019t driving directly along the coast at all, but through tourist towns that seem to alternate endlessly with massive golf courses. And there are a surprising number of them here: over 40 golf courses, with about 1.5 million rounds played here annually\u2014a massive economic factor that contributes around 4.2 billion euros to Portugal\u2019s GDP.   <\/p>\n\n<p>We need a break from the coast and decide to head inland for a bit. There, purely by chance of course \ud83d\ude09, we also find a paragliding launch site.<br\/>This short detour inland\u2014including two amazing paragliding flights with perfect landings\u2014has definitely reignited our motivation to give the coast another chance. <\/p>\n\n<p>Since the bike path once again runs mainly alongside golf courses and tourist resorts, we decide on the spot to \u201cpark\u201d our bikes for half a day at a restaurant and explore part of the \u201cSeven Hanging Valleys\u201d hike on foot. This is the only way to truly enjoy the most beautiful stretches of the Algarve coast.<br\/>And indeed: Wow. The landscape is spectacular. At the same time, we\u2019re surprised by how many people are out and about here\u2014despite it being off-season and the water being freezing cold. But the detour is definitely worth it and significantly enhances our Algarve experience.<br\/>In the evening, we set out again in search of a place to sleep. We discover a secluded road and follow it curiously all the way to the top\u2014and suddenly find ourselves on what appears to be an abandoned golf course. The grass looks patchy, with small bushes growing everywhere. Perfect.<br\/>\u201cActually, we\u2019ve always wanted to camp on a golf course,\u201d we think to ourselves\u2014and pitch our tent right at the edge of the fairway.<br\/>We sleep surprisingly soundly. Too soundly, as it turns out.<br\/>Around 6:30 a.m., we\u2019re suddenly woken by a loud hissing sound. Half-asleep, we first think it\u2019s the wind. But after a few seconds, it clicks: the sprinkler system.<br\/>And not just any wind\u2014but one that spins leisurely in circles\u2026 and completely drenches our tent and bikes at regular intervals \ud83d\ude02. You could practically count the seconds until the water jet hit us again with full force.<br\/>Luckily, the involuntary tent shower only lasts a few minutes.<br\/>No sooner had things quieted down than we heard the next sound: a loud humming. We looked out\u2014and saw a young man driving straight toward us on a state-of-the-art John Deere lawn tractor \ud83d\ude48. Oops.<br\/>He stopped in front of our tent, turned off the engine\u2014and burst out laughing. Instantly likeable \ud83d\ude04. We apologize and explain that the place really didn\u2019t look like it was in operation.<br\/>His reply: The golf course is brand new and won\u2019t open for about another month. That\u2019s why everything still looks a bit \u201cwild\u201d\u2014after all, the Algarve is still missing a few golf courses \ud83d\ude05.                <br\/>He stays calm and says we should take our time so the sun can dry the tent again. We chat for a while longer about our trip\u2014he\u2019s clearly interested\u2014and then say goodbye with a smile on our faces. <\/p>\n\n<figure class=\"wp-block-gallery has-nested-images columns-default is-cropped wp-block-gallery-3 is-layout-flex wp-block-gallery-is-layout-flex\">\n<figure class=\"wp-block-image size-medium_large\"><a href=\"https:\/\/kommt-zeit-kommt-rad.ch\/wp-content\/uploads\/2026\/04\/IMG_9373-scaled.jpeg\"><img loading=\"lazy\" decoding=\"async\" width=\"768\" height=\"576\" data-id=\"6618\" src=\"https:\/\/kommt-zeit-kommt-rad.ch\/wp-content\/uploads\/2026\/04\/IMG_9373-768x576.jpeg\" alt=\"\" class=\"wp-image-6618\" srcset=\"https:\/\/kommt-zeit-kommt-rad.ch\/wp-content\/uploads\/2026\/04\/IMG_9373-768x576.jpeg 768w, https:\/\/kommt-zeit-kommt-rad.ch\/wp-content\/uploads\/2026\/04\/IMG_9373-300x225.jpeg 300w, https:\/\/kommt-zeit-kommt-rad.ch\/wp-content\/uploads\/2026\/04\/IMG_9373-1400x1050.jpeg 1400w, https:\/\/kommt-zeit-kommt-rad.ch\/wp-content\/uploads\/2026\/04\/IMG_9373-1536x1152.jpeg 1536w, https:\/\/kommt-zeit-kommt-rad.ch\/wp-content\/uploads\/2026\/04\/IMG_9373-2048x1536.jpeg 2048w\" sizes=\"(max-width: 768px) 100vw, 768px\" \/><\/a><figcaption class=\"wp-element-caption\">The path to the launch sites is usually a steep climb<\/figcaption><\/figure>\n\n\n\n<figure class=\"wp-block-image size-medium_large\"><a href=\"https:\/\/kommt-zeit-kommt-rad.ch\/wp-content\/uploads\/2026\/04\/Bildschirmfoto-2026-04-28-um-15.01.44-768x502.png\"><img loading=\"lazy\" decoding=\"async\" width=\"768\" height=\"502\" data-id=\"6616\" src=\"https:\/\/kommt-zeit-kommt-rad.ch\/wp-content\/uploads\/2026\/04\/Bildschirmfoto-2026-04-28-um-15.01.44-768x502.png\" alt=\"\" class=\"wp-image-6616\" srcset=\"https:\/\/kommt-zeit-kommt-rad.ch\/wp-content\/uploads\/2026\/04\/Bildschirmfoto-2026-04-28-um-15.01.44-768x502.png 768w, https:\/\/kommt-zeit-kommt-rad.ch\/wp-content\/uploads\/2026\/04\/Bildschirmfoto-2026-04-28-um-15.01.44-300x196.png 300w, https:\/\/kommt-zeit-kommt-rad.ch\/wp-content\/uploads\/2026\/04\/Bildschirmfoto-2026-04-28-um-15.01.44-1400x915.png 1400w, https:\/\/kommt-zeit-kommt-rad.ch\/wp-content\/uploads\/2026\/04\/Bildschirmfoto-2026-04-28-um-15.01.44-1536x1004.png 1536w, https:\/\/kommt-zeit-kommt-rad.ch\/wp-content\/uploads\/2026\/04\/Bildschirmfoto-2026-04-28-um-15.01.44-2048x1339.png 2048w\" sizes=\"(max-width: 768px) 100vw, 768px\" \/><\/a><figcaption class=\"wp-element-caption\">Loule Launch Site<\/figcaption><\/figure>\n\n\n\n<figure class=\"wp-block-image size-medium_large\"><a href=\"https:\/\/kommt-zeit-kommt-rad.ch\/wp-content\/uploads\/2026\/04\/IMG_9381-scaled.jpeg\"><img loading=\"lazy\" decoding=\"async\" width=\"768\" height=\"576\" data-id=\"6619\" src=\"https:\/\/kommt-zeit-kommt-rad.ch\/wp-content\/uploads\/2026\/04\/IMG_9381-768x576.jpeg\" alt=\"\" class=\"wp-image-6619\" srcset=\"https:\/\/kommt-zeit-kommt-rad.ch\/wp-content\/uploads\/2026\/04\/IMG_9381-768x576.jpeg 768w, https:\/\/kommt-zeit-kommt-rad.ch\/wp-content\/uploads\/2026\/04\/IMG_9381-300x225.jpeg 300w, https:\/\/kommt-zeit-kommt-rad.ch\/wp-content\/uploads\/2026\/04\/IMG_9381-1400x1050.jpeg 1400w, https:\/\/kommt-zeit-kommt-rad.ch\/wp-content\/uploads\/2026\/04\/IMG_9381-1536x1152.jpeg 1536w, https:\/\/kommt-zeit-kommt-rad.ch\/wp-content\/uploads\/2026\/04\/IMG_9381-2048x1536.jpeg 2048w\" sizes=\"(max-width: 768px) 100vw, 768px\" \/><\/a><\/figure>\n\n\n\n<figure class=\"wp-block-image size-medium_large\"><a href=\"https:\/\/kommt-zeit-kommt-rad.ch\/wp-content\/uploads\/2026\/04\/IMG_9367-scaled.jpeg\"><img loading=\"lazy\" decoding=\"async\" width=\"768\" height=\"576\" data-id=\"6617\" src=\"https:\/\/kommt-zeit-kommt-rad.ch\/wp-content\/uploads\/2026\/04\/IMG_9367-768x576.jpeg\" alt=\"\" class=\"wp-image-6617\" srcset=\"https:\/\/kommt-zeit-kommt-rad.ch\/wp-content\/uploads\/2026\/04\/IMG_9367-768x576.jpeg 768w, https:\/\/kommt-zeit-kommt-rad.ch\/wp-content\/uploads\/2026\/04\/IMG_9367-300x225.jpeg 300w, https:\/\/kommt-zeit-kommt-rad.ch\/wp-content\/uploads\/2026\/04\/IMG_9367-1400x1050.jpeg 1400w, https:\/\/kommt-zeit-kommt-rad.ch\/wp-content\/uploads\/2026\/04\/IMG_9367-1536x1152.jpeg 1536w, https:\/\/kommt-zeit-kommt-rad.ch\/wp-content\/uploads\/2026\/04\/IMG_9367-2048x1536.jpeg 2048w\" sizes=\"(max-width: 768px) 100vw, 768px\" \/><\/a><figcaption class=\"wp-element-caption\">Quite symbolic: EuroVelo 1 on the left, the golf course on the right<\/figcaption><\/figure>\n\n\n\n<figure class=\"wp-block-image size-medium_large\"><a href=\"https:\/\/kommt-zeit-kommt-rad.ch\/wp-content\/uploads\/2026\/04\/IMG_9408-scaled.jpeg\"><img loading=\"lazy\" decoding=\"async\" width=\"768\" height=\"576\" data-id=\"6620\" src=\"https:\/\/kommt-zeit-kommt-rad.ch\/wp-content\/uploads\/2026\/04\/IMG_9408-768x576.jpeg\" alt=\"\" class=\"wp-image-6620\" srcset=\"https:\/\/kommt-zeit-kommt-rad.ch\/wp-content\/uploads\/2026\/04\/IMG_9408-768x576.jpeg 768w, https:\/\/kommt-zeit-kommt-rad.ch\/wp-content\/uploads\/2026\/04\/IMG_9408-300x225.jpeg 300w, https:\/\/kommt-zeit-kommt-rad.ch\/wp-content\/uploads\/2026\/04\/IMG_9408-1400x1050.jpeg 1400w, https:\/\/kommt-zeit-kommt-rad.ch\/wp-content\/uploads\/2026\/04\/IMG_9408-1536x1152.jpeg 1536w, https:\/\/kommt-zeit-kommt-rad.ch\/wp-content\/uploads\/2026\/04\/IMG_9408-2048x1536.jpeg 2048w\" sizes=\"(max-width: 768px) 100vw, 768px\" \/><\/a><figcaption class=\"wp-element-caption\">EuroVelo: Let&#8217;s take a detour&#8230;<\/figcaption><\/figure>\n\n\n\n<figure class=\"wp-block-image size-medium_large\"><a href=\"https:\/\/kommt-zeit-kommt-rad.ch\/wp-content\/uploads\/2026\/04\/IMG_9417-scaled.jpeg\"><img loading=\"lazy\" decoding=\"async\" width=\"768\" height=\"576\" data-id=\"6621\" src=\"https:\/\/kommt-zeit-kommt-rad.ch\/wp-content\/uploads\/2026\/04\/IMG_9417-768x576.jpeg\" alt=\"\" class=\"wp-image-6621\" srcset=\"https:\/\/kommt-zeit-kommt-rad.ch\/wp-content\/uploads\/2026\/04\/IMG_9417-768x576.jpeg 768w, https:\/\/kommt-zeit-kommt-rad.ch\/wp-content\/uploads\/2026\/04\/IMG_9417-300x225.jpeg 300w, https:\/\/kommt-zeit-kommt-rad.ch\/wp-content\/uploads\/2026\/04\/IMG_9417-1400x1050.jpeg 1400w, https:\/\/kommt-zeit-kommt-rad.ch\/wp-content\/uploads\/2026\/04\/IMG_9417-1536x1152.jpeg 1536w, https:\/\/kommt-zeit-kommt-rad.ch\/wp-content\/uploads\/2026\/04\/IMG_9417-2048x1536.jpeg 2048w\" sizes=\"(max-width: 768px) 100vw, 768px\" \/><\/a><figcaption class=\"wp-element-caption\">&#8230;then back on the main road.<\/figcaption><\/figure>\n\n\n\n<figure class=\"wp-block-image size-medium_large\"><a href=\"https:\/\/kommt-zeit-kommt-rad.ch\/wp-content\/uploads\/2026\/04\/IMG_9418-scaled.jpeg\"><img loading=\"lazy\" decoding=\"async\" width=\"768\" height=\"576\" data-id=\"6622\" src=\"https:\/\/kommt-zeit-kommt-rad.ch\/wp-content\/uploads\/2026\/04\/IMG_9418-768x576.jpeg\" alt=\"\" class=\"wp-image-6622\" srcset=\"https:\/\/kommt-zeit-kommt-rad.ch\/wp-content\/uploads\/2026\/04\/IMG_9418-768x576.jpeg 768w, https:\/\/kommt-zeit-kommt-rad.ch\/wp-content\/uploads\/2026\/04\/IMG_9418-300x225.jpeg 300w, https:\/\/kommt-zeit-kommt-rad.ch\/wp-content\/uploads\/2026\/04\/IMG_9418-1400x1050.jpeg 1400w, https:\/\/kommt-zeit-kommt-rad.ch\/wp-content\/uploads\/2026\/04\/IMG_9418-1536x1152.jpeg 1536w, https:\/\/kommt-zeit-kommt-rad.ch\/wp-content\/uploads\/2026\/04\/IMG_9418-2048x1536.jpeg 2048w\" sizes=\"(max-width: 768px) 100vw, 768px\" \/><\/a><figcaption class=\"wp-element-caption\">Azulejos are traditional, ornate ceramic tiles, usually blue and white<\/figcaption><\/figure>\n\n\n\n<figure class=\"wp-block-image size-medium_large\"><a href=\"https:\/\/kommt-zeit-kommt-rad.ch\/wp-content\/uploads\/2026\/04\/IMG_9423-scaled.jpeg\"><img loading=\"lazy\" decoding=\"async\" width=\"768\" height=\"576\" data-id=\"6623\" src=\"https:\/\/kommt-zeit-kommt-rad.ch\/wp-content\/uploads\/2026\/04\/IMG_9423-768x576.jpeg\" alt=\"\" class=\"wp-image-6623\" srcset=\"https:\/\/kommt-zeit-kommt-rad.ch\/wp-content\/uploads\/2026\/04\/IMG_9423-768x576.jpeg 768w, https:\/\/kommt-zeit-kommt-rad.ch\/wp-content\/uploads\/2026\/04\/IMG_9423-300x225.jpeg 300w, https:\/\/kommt-zeit-kommt-rad.ch\/wp-content\/uploads\/2026\/04\/IMG_9423-1400x1050.jpeg 1400w, https:\/\/kommt-zeit-kommt-rad.ch\/wp-content\/uploads\/2026\/04\/IMG_9423-1536x1152.jpeg 1536w, https:\/\/kommt-zeit-kommt-rad.ch\/wp-content\/uploads\/2026\/04\/IMG_9423-2048x1536.jpeg 2048w\" sizes=\"(max-width: 768px) 100vw, 768px\" \/><\/a><\/figure>\n\n\n\n<figure class=\"wp-block-image size-medium_large\"><a href=\"https:\/\/kommt-zeit-kommt-rad.ch\/wp-content\/uploads\/2026\/04\/IMG_9437-scaled.jpeg\"><img loading=\"lazy\" decoding=\"async\" width=\"768\" height=\"576\" data-id=\"6624\" src=\"https:\/\/kommt-zeit-kommt-rad.ch\/wp-content\/uploads\/2026\/04\/IMG_9437-768x576.jpeg\" alt=\"\" class=\"wp-image-6624\" srcset=\"https:\/\/kommt-zeit-kommt-rad.ch\/wp-content\/uploads\/2026\/04\/IMG_9437-768x576.jpeg 768w, https:\/\/kommt-zeit-kommt-rad.ch\/wp-content\/uploads\/2026\/04\/IMG_9437-300x225.jpeg 300w, https:\/\/kommt-zeit-kommt-rad.ch\/wp-content\/uploads\/2026\/04\/IMG_9437-1400x1050.jpeg 1400w, https:\/\/kommt-zeit-kommt-rad.ch\/wp-content\/uploads\/2026\/04\/IMG_9437-1536x1152.jpeg 1536w, https:\/\/kommt-zeit-kommt-rad.ch\/wp-content\/uploads\/2026\/04\/IMG_9437-2048x1536.jpeg 2048w\" sizes=\"(max-width: 768px) 100vw, 768px\" \/><\/a><figcaption class=\"wp-element-caption\">&#8220;Seven Hanging Valleys&#8221; Hike<\/figcaption><\/figure>\n\n\n\n<figure class=\"wp-block-image size-medium_large\"><a href=\"https:\/\/kommt-zeit-kommt-rad.ch\/wp-content\/uploads\/2026\/04\/IMG_9456-scaled.jpeg\"><img loading=\"lazy\" decoding=\"async\" width=\"768\" height=\"576\" data-id=\"6625\" src=\"https:\/\/kommt-zeit-kommt-rad.ch\/wp-content\/uploads\/2026\/04\/IMG_9456-768x576.jpeg\" alt=\"\" class=\"wp-image-6625\" srcset=\"https:\/\/kommt-zeit-kommt-rad.ch\/wp-content\/uploads\/2026\/04\/IMG_9456-768x576.jpeg 768w, https:\/\/kommt-zeit-kommt-rad.ch\/wp-content\/uploads\/2026\/04\/IMG_9456-300x225.jpeg 300w, https:\/\/kommt-zeit-kommt-rad.ch\/wp-content\/uploads\/2026\/04\/IMG_9456-1400x1050.jpeg 1400w, https:\/\/kommt-zeit-kommt-rad.ch\/wp-content\/uploads\/2026\/04\/IMG_9456-1536x1152.jpeg 1536w, https:\/\/kommt-zeit-kommt-rad.ch\/wp-content\/uploads\/2026\/04\/IMG_9456-2048x1536.jpeg 2048w\" sizes=\"(max-width: 768px) 100vw, 768px\" \/><\/a><\/figure>\n\n\n\n<figure class=\"wp-block-image size-medium_large\"><a href=\"https:\/\/kommt-zeit-kommt-rad.ch\/wp-content\/uploads\/2026\/04\/IMG_9460-scaled.jpeg\"><img loading=\"lazy\" decoding=\"async\" width=\"768\" height=\"576\" data-id=\"6626\" src=\"https:\/\/kommt-zeit-kommt-rad.ch\/wp-content\/uploads\/2026\/04\/IMG_9460-768x576.jpeg\" alt=\"\" class=\"wp-image-6626\" srcset=\"https:\/\/kommt-zeit-kommt-rad.ch\/wp-content\/uploads\/2026\/04\/IMG_9460-768x576.jpeg 768w, https:\/\/kommt-zeit-kommt-rad.ch\/wp-content\/uploads\/2026\/04\/IMG_9460-300x225.jpeg 300w, https:\/\/kommt-zeit-kommt-rad.ch\/wp-content\/uploads\/2026\/04\/IMG_9460-1400x1050.jpeg 1400w, https:\/\/kommt-zeit-kommt-rad.ch\/wp-content\/uploads\/2026\/04\/IMG_9460-1536x1152.jpeg 1536w, https:\/\/kommt-zeit-kommt-rad.ch\/wp-content\/uploads\/2026\/04\/IMG_9460-2048x1536.jpeg 2048w\" sizes=\"(max-width: 768px) 100vw, 768px\" \/><\/a><\/figure>\n\n\n\n<figure class=\"wp-block-image size-medium_large\"><a href=\"https:\/\/kommt-zeit-kommt-rad.ch\/wp-content\/uploads\/2026\/04\/IMG_9467-scaled.jpeg\"><img loading=\"lazy\" decoding=\"async\" width=\"768\" height=\"576\" data-id=\"6627\" src=\"https:\/\/kommt-zeit-kommt-rad.ch\/wp-content\/uploads\/2026\/04\/IMG_9467-768x576.jpeg\" alt=\"\" class=\"wp-image-6627\" srcset=\"https:\/\/kommt-zeit-kommt-rad.ch\/wp-content\/uploads\/2026\/04\/IMG_9467-768x576.jpeg 768w, https:\/\/kommt-zeit-kommt-rad.ch\/wp-content\/uploads\/2026\/04\/IMG_9467-300x225.jpeg 300w, https:\/\/kommt-zeit-kommt-rad.ch\/wp-content\/uploads\/2026\/04\/IMG_9467-1400x1050.jpeg 1400w, https:\/\/kommt-zeit-kommt-rad.ch\/wp-content\/uploads\/2026\/04\/IMG_9467-1536x1152.jpeg 1536w, https:\/\/kommt-zeit-kommt-rad.ch\/wp-content\/uploads\/2026\/04\/IMG_9467-2048x1536.jpeg 2048w\" sizes=\"(max-width: 768px) 100vw, 768px\" \/><\/a><\/figure>\n\n\n\n<figure class=\"wp-block-image size-medium_large\"><a href=\"https:\/\/kommt-zeit-kommt-rad.ch\/wp-content\/uploads\/2026\/04\/IMG_9469-scaled.jpeg\"><img loading=\"lazy\" decoding=\"async\" width=\"768\" height=\"576\" data-id=\"6628\" src=\"https:\/\/kommt-zeit-kommt-rad.ch\/wp-content\/uploads\/2026\/04\/IMG_9469-768x576.jpeg\" alt=\"\" class=\"wp-image-6628\" srcset=\"https:\/\/kommt-zeit-kommt-rad.ch\/wp-content\/uploads\/2026\/04\/IMG_9469-768x576.jpeg 768w, https:\/\/kommt-zeit-kommt-rad.ch\/wp-content\/uploads\/2026\/04\/IMG_9469-300x225.jpeg 300w, https:\/\/kommt-zeit-kommt-rad.ch\/wp-content\/uploads\/2026\/04\/IMG_9469-1400x1050.jpeg 1400w, https:\/\/kommt-zeit-kommt-rad.ch\/wp-content\/uploads\/2026\/04\/IMG_9469-1536x1152.jpeg 1536w, https:\/\/kommt-zeit-kommt-rad.ch\/wp-content\/uploads\/2026\/04\/IMG_9469-2048x1536.jpeg 2048w\" sizes=\"(max-width: 768px) 100vw, 768px\" \/><\/a><\/figure>\n\n\n\n<figure class=\"wp-block-image size-medium_large\"><a href=\"https:\/\/kommt-zeit-kommt-rad.ch\/wp-content\/uploads\/2026\/04\/IMG_9474-scaled.jpeg\"><img loading=\"lazy\" decoding=\"async\" width=\"768\" height=\"576\" data-id=\"6629\" src=\"https:\/\/kommt-zeit-kommt-rad.ch\/wp-content\/uploads\/2026\/04\/IMG_9474-768x576.jpeg\" alt=\"\" class=\"wp-image-6629\" srcset=\"https:\/\/kommt-zeit-kommt-rad.ch\/wp-content\/uploads\/2026\/04\/IMG_9474-768x576.jpeg 768w, https:\/\/kommt-zeit-kommt-rad.ch\/wp-content\/uploads\/2026\/04\/IMG_9474-300x225.jpeg 300w, https:\/\/kommt-zeit-kommt-rad.ch\/wp-content\/uploads\/2026\/04\/IMG_9474-1400x1050.jpeg 1400w, https:\/\/kommt-zeit-kommt-rad.ch\/wp-content\/uploads\/2026\/04\/IMG_9474-1536x1152.jpeg 1536w, https:\/\/kommt-zeit-kommt-rad.ch\/wp-content\/uploads\/2026\/04\/IMG_9474-2048x1536.jpeg 2048w\" sizes=\"(max-width: 768px) 100vw, 768px\" \/><\/a><figcaption class=\"wp-element-caption\">The sprinklers roaring on the golf course, even before sunrise \ud83d\ude02<\/figcaption><\/figure>\n\n\n\n<figure class=\"wp-block-image size-medium_large\"><a href=\"https:\/\/kommt-zeit-kommt-rad.ch\/wp-content\/uploads\/2026\/04\/IMG_9478-scaled.jpeg\"><img loading=\"lazy\" decoding=\"async\" width=\"768\" height=\"576\" data-id=\"6630\" src=\"https:\/\/kommt-zeit-kommt-rad.ch\/wp-content\/uploads\/2026\/04\/IMG_9478-768x576.jpeg\" alt=\"\" class=\"wp-image-6630\" srcset=\"https:\/\/kommt-zeit-kommt-rad.ch\/wp-content\/uploads\/2026\/04\/IMG_9478-768x576.jpeg 768w, https:\/\/kommt-zeit-kommt-rad.ch\/wp-content\/uploads\/2026\/04\/IMG_9478-300x225.jpeg 300w, https:\/\/kommt-zeit-kommt-rad.ch\/wp-content\/uploads\/2026\/04\/IMG_9478-1400x1050.jpeg 1400w, https:\/\/kommt-zeit-kommt-rad.ch\/wp-content\/uploads\/2026\/04\/IMG_9478-1536x1152.jpeg 1536w, https:\/\/kommt-zeit-kommt-rad.ch\/wp-content\/uploads\/2026\/04\/IMG_9478-2048x1536.jpeg 2048w\" sizes=\"(max-width: 768px) 100vw, 768px\" \/><\/a><figcaption class=\"wp-element-caption\">Our wet tent on the golf course and the friendly guy on the lawn mower<\/figcaption><\/figure>\n<\/figure>\n\n<p>After Lagos, things finally calm down a bit: less traffic, fewer tourists, and lush green landscapes instead. Our next destination is the paragliding launch site \u201cMiradouro da Cordoama.\u201d <br\/>This place isn\u2019t just a highlight for pilots. Rarely have we just stood there for so long, simply marveling. The combination of steep cliffs, the rough Atlantic, and this vast expanse is simply breathtaking.<br\/>Thanks to paragliding, we keep ending up in places like this\u2014and, as a bonus, we quickly strike up conversations with other pilots. So Beni takes off here for a breathtaking flight and glides along the coast. Meanwhile, Nicole enjoys chatting in Swiss German with a few other Swiss people at the launch site for the first time in a long while.<br\/>The \u201cMiradouro da Cordoama\u201d also marks our westernmost point in Portugal. From here on, we head north again, back onto EuroVelo 1, with Lisbon as our next major destination.<br\/>But it\u2019s still a good 250 km to Lisbon. Along the coast, we encounter a surprising number of hikers\u2014most of whom are likely on the famous \u201cFisherman\u2019s Trail.\u201d We don\u2019t see a single other cyclist, however.<br\/>We often pitch our tents deep within wonderfully fragrant eucalyptus or pine forests, as hidden spots are otherwise rather scarce here. On the other hand, the EuroVelo route runs much more frequently right along the coast in this section, and we usually encounter hardly any traffic. We even venture into the ice-cold water twice \ud83d\ude03.         <\/p>\n\n<p>Slowly, however, we realize: We need a few days\u2019 break again and a proper roof over our heads. So we try our luck on the Warmshowers platform and message about ten people in Lisbon. And sure enough: Yair and Aline are the only ones who get back to us and offer to let us stay with them for three nights\u2014in a prime location, no less.<br\/>We\u2019re really happy about this, because so far we\u2019ve found hospitality in Spain and Portugal to be pretty much nonexistent. That\u2019s why we\u2019re not entirely surprised that the Warmshowers community isn\u2019t as active here. In other countries, we\u2019ve usually found a place after just two or three requests.    <\/p>\n\n<p>For the next two days, the EuroVelo turns into a main road once again. Some of the passing maneuvers feel\u2026 let\u2019s just say: aggressive. So we resort to our tried-and-true tool again\u2014the infamous \u201cFuck-Off Stick\u201d: a long, pointed branch, attached crosswise to the luggage rack, which very subtly reminds drivers to keep their distance \ud83d\ude01. It works surprisingly well.   <\/p>\n\n<p>The final stretch takes us across the Tagus River by ferry once again\u2014and suddenly we find ourselves right in the heart of Portugal\u2019s capital.<br\/>Our WarmShowers hosts give us a warm welcome. We spend the next few days relaxing: we work on the blog, explore the city on our own, and generally take it easy, since our hosts have to work.<br\/>As a small token of our appreciation, we cook them a delicious dinner\u2014for us, that\u2019s just part of giving something back. With some good Portuguese wine, the evening quickly turns into a lively gathering; we laugh a lot and have fascinating conversations. They\u2019ve only been living here for two years and are originally from Israel\u2014which makes their stories and perspectives all the more interesting.   <\/p>\n\n<figure class=\"wp-block-gallery has-nested-images columns-default is-cropped wp-block-gallery-4 is-layout-flex wp-block-gallery-is-layout-flex\">\n<figure class=\"wp-block-image size-medium_large\"><a href=\"https:\/\/kommt-zeit-kommt-rad.ch\/wp-content\/uploads\/2026\/04\/IMG_9484-scaled.jpeg\"><img loading=\"lazy\" decoding=\"async\" width=\"768\" height=\"576\" data-id=\"6635\" src=\"https:\/\/kommt-zeit-kommt-rad.ch\/wp-content\/uploads\/2026\/04\/IMG_9484-768x576.jpeg\" alt=\"\" class=\"wp-image-6635\" srcset=\"https:\/\/kommt-zeit-kommt-rad.ch\/wp-content\/uploads\/2026\/04\/IMG_9484-768x576.jpeg 768w, https:\/\/kommt-zeit-kommt-rad.ch\/wp-content\/uploads\/2026\/04\/IMG_9484-300x225.jpeg 300w, https:\/\/kommt-zeit-kommt-rad.ch\/wp-content\/uploads\/2026\/04\/IMG_9484-1400x1050.jpeg 1400w, https:\/\/kommt-zeit-kommt-rad.ch\/wp-content\/uploads\/2026\/04\/IMG_9484-1536x1152.jpeg 1536w, https:\/\/kommt-zeit-kommt-rad.ch\/wp-content\/uploads\/2026\/04\/IMG_9484-2048x1536.jpeg 2048w\" sizes=\"(max-width: 768px) 100vw, 768px\" \/><\/a><\/figure>\n\n\n\n<figure class=\"wp-block-image size-medium_large\"><a href=\"https:\/\/kommt-zeit-kommt-rad.ch\/wp-content\/uploads\/2026\/04\/IMG_9495-scaled.jpeg\"><img loading=\"lazy\" decoding=\"async\" width=\"768\" height=\"576\" data-id=\"6636\" src=\"https:\/\/kommt-zeit-kommt-rad.ch\/wp-content\/uploads\/2026\/04\/IMG_9495-768x576.jpeg\" alt=\"\" class=\"wp-image-6636\" srcset=\"https:\/\/kommt-zeit-kommt-rad.ch\/wp-content\/uploads\/2026\/04\/IMG_9495-768x576.jpeg 768w, https:\/\/kommt-zeit-kommt-rad.ch\/wp-content\/uploads\/2026\/04\/IMG_9495-300x225.jpeg 300w, https:\/\/kommt-zeit-kommt-rad.ch\/wp-content\/uploads\/2026\/04\/IMG_9495-1400x1050.jpeg 1400w, https:\/\/kommt-zeit-kommt-rad.ch\/wp-content\/uploads\/2026\/04\/IMG_9495-1536x1152.jpeg 1536w, https:\/\/kommt-zeit-kommt-rad.ch\/wp-content\/uploads\/2026\/04\/IMG_9495-2048x1536.jpeg 2048w\" sizes=\"(max-width: 768px) 100vw, 768px\" \/><\/a><\/figure>\n\n\n\n<figure class=\"wp-block-image size-medium_large\"><a href=\"https:\/\/kommt-zeit-kommt-rad.ch\/wp-content\/uploads\/2026\/04\/IMG_9500-scaled.jpeg\"><img loading=\"lazy\" decoding=\"async\" width=\"768\" height=\"576\" data-id=\"6637\" src=\"https:\/\/kommt-zeit-kommt-rad.ch\/wp-content\/uploads\/2026\/04\/IMG_9500-768x576.jpeg\" alt=\"\" class=\"wp-image-6637\" srcset=\"https:\/\/kommt-zeit-kommt-rad.ch\/wp-content\/uploads\/2026\/04\/IMG_9500-768x576.jpeg 768w, https:\/\/kommt-zeit-kommt-rad.ch\/wp-content\/uploads\/2026\/04\/IMG_9500-300x225.jpeg 300w, https:\/\/kommt-zeit-kommt-rad.ch\/wp-content\/uploads\/2026\/04\/IMG_9500-1400x1050.jpeg 1400w, https:\/\/kommt-zeit-kommt-rad.ch\/wp-content\/uploads\/2026\/04\/IMG_9500-1536x1152.jpeg 1536w, https:\/\/kommt-zeit-kommt-rad.ch\/wp-content\/uploads\/2026\/04\/IMG_9500-2048x1536.jpeg 2048w\" sizes=\"(max-width: 768px) 100vw, 768px\" \/><\/a><\/figure>\n\n\n\n<figure class=\"wp-block-image size-medium_large\"><a href=\"https:\/\/kommt-zeit-kommt-rad.ch\/wp-content\/uploads\/2026\/04\/IMG_9507-scaled.jpeg\"><img loading=\"lazy\" decoding=\"async\" width=\"768\" height=\"576\" data-id=\"6638\" src=\"https:\/\/kommt-zeit-kommt-rad.ch\/wp-content\/uploads\/2026\/04\/IMG_9507-768x576.jpeg\" alt=\"\" class=\"wp-image-6638\" srcset=\"https:\/\/kommt-zeit-kommt-rad.ch\/wp-content\/uploads\/2026\/04\/IMG_9507-768x576.jpeg 768w, https:\/\/kommt-zeit-kommt-rad.ch\/wp-content\/uploads\/2026\/04\/IMG_9507-300x225.jpeg 300w, https:\/\/kommt-zeit-kommt-rad.ch\/wp-content\/uploads\/2026\/04\/IMG_9507-1400x1050.jpeg 1400w, https:\/\/kommt-zeit-kommt-rad.ch\/wp-content\/uploads\/2026\/04\/IMG_9507-1536x1152.jpeg 1536w, https:\/\/kommt-zeit-kommt-rad.ch\/wp-content\/uploads\/2026\/04\/IMG_9507-2048x1536.jpeg 2048w\" sizes=\"(max-width: 768px) 100vw, 768px\" \/><\/a><\/figure>\n\n\n\n<figure class=\"wp-block-image size-medium_large\"><a href=\"https:\/\/kommt-zeit-kommt-rad.ch\/wp-content\/uploads\/2026\/04\/IMG_9514-scaled.jpeg\"><img loading=\"lazy\" decoding=\"async\" width=\"768\" height=\"576\" data-id=\"6639\" src=\"https:\/\/kommt-zeit-kommt-rad.ch\/wp-content\/uploads\/2026\/04\/IMG_9514-768x576.jpeg\" alt=\"\" class=\"wp-image-6639\" srcset=\"https:\/\/kommt-zeit-kommt-rad.ch\/wp-content\/uploads\/2026\/04\/IMG_9514-768x576.jpeg 768w, https:\/\/kommt-zeit-kommt-rad.ch\/wp-content\/uploads\/2026\/04\/IMG_9514-300x225.jpeg 300w, https:\/\/kommt-zeit-kommt-rad.ch\/wp-content\/uploads\/2026\/04\/IMG_9514-1400x1050.jpeg 1400w, https:\/\/kommt-zeit-kommt-rad.ch\/wp-content\/uploads\/2026\/04\/IMG_9514-1536x1152.jpeg 1536w, https:\/\/kommt-zeit-kommt-rad.ch\/wp-content\/uploads\/2026\/04\/IMG_9514-2048x1536.jpeg 2048w\" sizes=\"(max-width: 768px) 100vw, 768px\" \/><\/a><\/figure>\n\n\n\n<figure class=\"wp-block-image size-medium_large\"><a href=\"https:\/\/kommt-zeit-kommt-rad.ch\/wp-content\/uploads\/2026\/04\/IMG_9525-scaled.jpeg\"><img loading=\"lazy\" decoding=\"async\" width=\"768\" height=\"576\" data-id=\"6640\" src=\"https:\/\/kommt-zeit-kommt-rad.ch\/wp-content\/uploads\/2026\/04\/IMG_9525-768x576.jpeg\" alt=\"\" class=\"wp-image-6640\" srcset=\"https:\/\/kommt-zeit-kommt-rad.ch\/wp-content\/uploads\/2026\/04\/IMG_9525-768x576.jpeg 768w, https:\/\/kommt-zeit-kommt-rad.ch\/wp-content\/uploads\/2026\/04\/IMG_9525-300x225.jpeg 300w, https:\/\/kommt-zeit-kommt-rad.ch\/wp-content\/uploads\/2026\/04\/IMG_9525-1400x1050.jpeg 1400w, https:\/\/kommt-zeit-kommt-rad.ch\/wp-content\/uploads\/2026\/04\/IMG_9525-1536x1152.jpeg 1536w, https:\/\/kommt-zeit-kommt-rad.ch\/wp-content\/uploads\/2026\/04\/IMG_9525-2048x1536.jpeg 2048w\" sizes=\"(max-width: 768px) 100vw, 768px\" \/><\/a><\/figure>\n\n\n\n<figure class=\"wp-block-image size-medium_large\"><a href=\"https:\/\/kommt-zeit-kommt-rad.ch\/wp-content\/uploads\/2026\/04\/IMG_9538-scaled.jpeg\"><img loading=\"lazy\" decoding=\"async\" width=\"768\" height=\"518\" data-id=\"6641\" src=\"https:\/\/kommt-zeit-kommt-rad.ch\/wp-content\/uploads\/2026\/04\/IMG_9538-768x518.jpeg\" alt=\"\" class=\"wp-image-6641\" srcset=\"https:\/\/kommt-zeit-kommt-rad.ch\/wp-content\/uploads\/2026\/04\/IMG_9538-768x518.jpeg 768w, https:\/\/kommt-zeit-kommt-rad.ch\/wp-content\/uploads\/2026\/04\/IMG_9538-300x202.jpeg 300w, https:\/\/kommt-zeit-kommt-rad.ch\/wp-content\/uploads\/2026\/04\/IMG_9538-1400x943.jpeg 1400w, https:\/\/kommt-zeit-kommt-rad.ch\/wp-content\/uploads\/2026\/04\/IMG_9538-1536x1035.jpeg 1536w, https:\/\/kommt-zeit-kommt-rad.ch\/wp-content\/uploads\/2026\/04\/IMG_9538-2048x1380.jpeg 2048w\" sizes=\"(max-width: 768px) 100vw, 768px\" \/><\/a><figcaption class=\"wp-element-caption\">\u201eMiradouro da Cordoama\u201c<\/figcaption><\/figure>\n\n\n\n<figure class=\"wp-block-image size-medium_large\"><a href=\"https:\/\/kommt-zeit-kommt-rad.ch\/wp-content\/uploads\/2026\/04\/IMG_6343-scaled.jpeg\"><img loading=\"lazy\" decoding=\"async\" width=\"768\" height=\"576\" data-id=\"6634\" src=\"https:\/\/kommt-zeit-kommt-rad.ch\/wp-content\/uploads\/2026\/04\/IMG_6343-768x576.jpeg\" alt=\"\" class=\"wp-image-6634\" srcset=\"https:\/\/kommt-zeit-kommt-rad.ch\/wp-content\/uploads\/2026\/04\/IMG_6343-768x576.jpeg 768w, https:\/\/kommt-zeit-kommt-rad.ch\/wp-content\/uploads\/2026\/04\/IMG_6343-300x225.jpeg 300w, https:\/\/kommt-zeit-kommt-rad.ch\/wp-content\/uploads\/2026\/04\/IMG_6343-1400x1050.jpeg 1400w, https:\/\/kommt-zeit-kommt-rad.ch\/wp-content\/uploads\/2026\/04\/IMG_6343-1536x1152.jpeg 1536w, https:\/\/kommt-zeit-kommt-rad.ch\/wp-content\/uploads\/2026\/04\/IMG_6343-2048x1536.jpeg 2048w\" sizes=\"(max-width: 768px) 100vw, 768px\" \/><\/a><\/figure>\n\n\n\n<figure class=\"wp-block-image size-medium_large\"><a href=\"https:\/\/kommt-zeit-kommt-rad.ch\/wp-content\/uploads\/2026\/04\/IMG_9565-scaled.jpeg\"><img loading=\"lazy\" decoding=\"async\" width=\"768\" height=\"576\" data-id=\"6642\" src=\"https:\/\/kommt-zeit-kommt-rad.ch\/wp-content\/uploads\/2026\/04\/IMG_9565-768x576.jpeg\" alt=\"\" class=\"wp-image-6642\" srcset=\"https:\/\/kommt-zeit-kommt-rad.ch\/wp-content\/uploads\/2026\/04\/IMG_9565-768x576.jpeg 768w, https:\/\/kommt-zeit-kommt-rad.ch\/wp-content\/uploads\/2026\/04\/IMG_9565-300x225.jpeg 300w, https:\/\/kommt-zeit-kommt-rad.ch\/wp-content\/uploads\/2026\/04\/IMG_9565-1400x1050.jpeg 1400w, https:\/\/kommt-zeit-kommt-rad.ch\/wp-content\/uploads\/2026\/04\/IMG_9565-1536x1152.jpeg 1536w, https:\/\/kommt-zeit-kommt-rad.ch\/wp-content\/uploads\/2026\/04\/IMG_9565-2048x1536.jpeg 2048w\" sizes=\"(max-width: 768px) 100vw, 768px\" \/><\/a><figcaption class=\"wp-element-caption\">There&#8217;s nothing quite like waking up to the sun!<\/figcaption><\/figure>\n\n\n\n<figure class=\"wp-block-image size-medium_large\"><a href=\"https:\/\/kommt-zeit-kommt-rad.ch\/wp-content\/uploads\/2026\/04\/IMG_9580-scaled.jpeg\"><img loading=\"lazy\" decoding=\"async\" width=\"768\" height=\"576\" data-id=\"6643\" src=\"https:\/\/kommt-zeit-kommt-rad.ch\/wp-content\/uploads\/2026\/04\/IMG_9580-768x576.jpeg\" alt=\"\" class=\"wp-image-6643\" srcset=\"https:\/\/kommt-zeit-kommt-rad.ch\/wp-content\/uploads\/2026\/04\/IMG_9580-768x576.jpeg 768w, https:\/\/kommt-zeit-kommt-rad.ch\/wp-content\/uploads\/2026\/04\/IMG_9580-300x225.jpeg 300w, https:\/\/kommt-zeit-kommt-rad.ch\/wp-content\/uploads\/2026\/04\/IMG_9580-1400x1050.jpeg 1400w, https:\/\/kommt-zeit-kommt-rad.ch\/wp-content\/uploads\/2026\/04\/IMG_9580-1536x1152.jpeg 1536w, https:\/\/kommt-zeit-kommt-rad.ch\/wp-content\/uploads\/2026\/04\/IMG_9580-2048x1536.jpeg 2048w\" sizes=\"(max-width: 768px) 100vw, 768px\" \/><\/a><\/figure>\n\n\n\n<figure class=\"wp-block-image size-medium_large\"><a href=\"https:\/\/kommt-zeit-kommt-rad.ch\/wp-content\/uploads\/2026\/04\/IMG_9584-scaled.jpeg\"><img loading=\"lazy\" decoding=\"async\" width=\"768\" height=\"576\" data-id=\"6644\" src=\"https:\/\/kommt-zeit-kommt-rad.ch\/wp-content\/uploads\/2026\/04\/IMG_9584-768x576.jpeg\" alt=\"\" class=\"wp-image-6644\" srcset=\"https:\/\/kommt-zeit-kommt-rad.ch\/wp-content\/uploads\/2026\/04\/IMG_9584-768x576.jpeg 768w, https:\/\/kommt-zeit-kommt-rad.ch\/wp-content\/uploads\/2026\/04\/IMG_9584-300x225.jpeg 300w, https:\/\/kommt-zeit-kommt-rad.ch\/wp-content\/uploads\/2026\/04\/IMG_9584-1400x1050.jpeg 1400w, https:\/\/kommt-zeit-kommt-rad.ch\/wp-content\/uploads\/2026\/04\/IMG_9584-1536x1152.jpeg 1536w, https:\/\/kommt-zeit-kommt-rad.ch\/wp-content\/uploads\/2026\/04\/IMG_9584-2048x1536.jpeg 2048w\" sizes=\"(max-width: 768px) 100vw, 768px\" \/><\/a><\/figure>\n\n\n\n<figure class=\"wp-block-image size-medium_large\"><a href=\"https:\/\/kommt-zeit-kommt-rad.ch\/wp-content\/uploads\/2026\/04\/IMG_9588-scaled.jpeg\"><img loading=\"lazy\" decoding=\"async\" width=\"768\" height=\"576\" data-id=\"6645\" src=\"https:\/\/kommt-zeit-kommt-rad.ch\/wp-content\/uploads\/2026\/04\/IMG_9588-768x576.jpeg\" alt=\"\" class=\"wp-image-6645\" srcset=\"https:\/\/kommt-zeit-kommt-rad.ch\/wp-content\/uploads\/2026\/04\/IMG_9588-768x576.jpeg 768w, https:\/\/kommt-zeit-kommt-rad.ch\/wp-content\/uploads\/2026\/04\/IMG_9588-300x225.jpeg 300w, https:\/\/kommt-zeit-kommt-rad.ch\/wp-content\/uploads\/2026\/04\/IMG_9588-1400x1050.jpeg 1400w, https:\/\/kommt-zeit-kommt-rad.ch\/wp-content\/uploads\/2026\/04\/IMG_9588-1536x1152.jpeg 1536w, https:\/\/kommt-zeit-kommt-rad.ch\/wp-content\/uploads\/2026\/04\/IMG_9588-2048x1536.jpeg 2048w\" sizes=\"(max-width: 768px) 100vw, 768px\" \/><\/a><\/figure>\n\n\n\n<figure class=\"wp-block-image size-medium_large\"><a href=\"https:\/\/kommt-zeit-kommt-rad.ch\/wp-content\/uploads\/2026\/04\/IMG_9602-scaled.jpeg\"><img loading=\"lazy\" decoding=\"async\" width=\"768\" height=\"576\" data-id=\"6646\" src=\"https:\/\/kommt-zeit-kommt-rad.ch\/wp-content\/uploads\/2026\/04\/IMG_9602-768x576.jpeg\" alt=\"\" class=\"wp-image-6646\" srcset=\"https:\/\/kommt-zeit-kommt-rad.ch\/wp-content\/uploads\/2026\/04\/IMG_9602-768x576.jpeg 768w, https:\/\/kommt-zeit-kommt-rad.ch\/wp-content\/uploads\/2026\/04\/IMG_9602-300x225.jpeg 300w, https:\/\/kommt-zeit-kommt-rad.ch\/wp-content\/uploads\/2026\/04\/IMG_9602-1400x1050.jpeg 1400w, https:\/\/kommt-zeit-kommt-rad.ch\/wp-content\/uploads\/2026\/04\/IMG_9602-1536x1152.jpeg 1536w, https:\/\/kommt-zeit-kommt-rad.ch\/wp-content\/uploads\/2026\/04\/IMG_9602-2048x1536.jpeg 2048w\" sizes=\"(max-width: 768px) 100vw, 768px\" \/><\/a><\/figure>\n\n\n\n<figure class=\"wp-block-image size-medium_large\"><a href=\"https:\/\/kommt-zeit-kommt-rad.ch\/wp-content\/uploads\/2026\/04\/IMG_9630-scaled.jpeg\"><img loading=\"lazy\" decoding=\"async\" width=\"768\" height=\"576\" data-id=\"6647\" src=\"https:\/\/kommt-zeit-kommt-rad.ch\/wp-content\/uploads\/2026\/04\/IMG_9630-768x576.jpeg\" alt=\"\" class=\"wp-image-6647\" srcset=\"https:\/\/kommt-zeit-kommt-rad.ch\/wp-content\/uploads\/2026\/04\/IMG_9630-768x576.jpeg 768w, https:\/\/kommt-zeit-kommt-rad.ch\/wp-content\/uploads\/2026\/04\/IMG_9630-300x225.jpeg 300w, https:\/\/kommt-zeit-kommt-rad.ch\/wp-content\/uploads\/2026\/04\/IMG_9630-1400x1050.jpeg 1400w, https:\/\/kommt-zeit-kommt-rad.ch\/wp-content\/uploads\/2026\/04\/IMG_9630-1536x1152.jpeg 1536w, https:\/\/kommt-zeit-kommt-rad.ch\/wp-content\/uploads\/2026\/04\/IMG_9630-2048x1536.jpeg 2048w\" sizes=\"(max-width: 768px) 100vw, 768px\" \/><\/a><\/figure>\n\n\n\n<figure class=\"wp-block-image size-medium_large\"><a href=\"https:\/\/kommt-zeit-kommt-rad.ch\/wp-content\/uploads\/2026\/04\/IMG_9638-scaled.jpeg\"><img loading=\"lazy\" decoding=\"async\" width=\"768\" height=\"576\" data-id=\"6648\" src=\"https:\/\/kommt-zeit-kommt-rad.ch\/wp-content\/uploads\/2026\/04\/IMG_9638-768x576.jpeg\" alt=\"\" class=\"wp-image-6648\" srcset=\"https:\/\/kommt-zeit-kommt-rad.ch\/wp-content\/uploads\/2026\/04\/IMG_9638-768x576.jpeg 768w, https:\/\/kommt-zeit-kommt-rad.ch\/wp-content\/uploads\/2026\/04\/IMG_9638-300x225.jpeg 300w, https:\/\/kommt-zeit-kommt-rad.ch\/wp-content\/uploads\/2026\/04\/IMG_9638-1400x1050.jpeg 1400w, https:\/\/kommt-zeit-kommt-rad.ch\/wp-content\/uploads\/2026\/04\/IMG_9638-1536x1152.jpeg 1536w, https:\/\/kommt-zeit-kommt-rad.ch\/wp-content\/uploads\/2026\/04\/IMG_9638-2048x1536.jpeg 2048w\" sizes=\"(max-width: 768px) 100vw, 768px\" \/><\/a><\/figure>\n\n\n\n<figure class=\"wp-block-image size-medium_large\"><a href=\"https:\/\/kommt-zeit-kommt-rad.ch\/wp-content\/uploads\/2026\/04\/IMG_9659-scaled.jpeg\"><img loading=\"lazy\" decoding=\"async\" width=\"768\" height=\"576\" data-id=\"6649\" src=\"https:\/\/kommt-zeit-kommt-rad.ch\/wp-content\/uploads\/2026\/04\/IMG_9659-768x576.jpeg\" alt=\"\" class=\"wp-image-6649\" srcset=\"https:\/\/kommt-zeit-kommt-rad.ch\/wp-content\/uploads\/2026\/04\/IMG_9659-768x576.jpeg 768w, https:\/\/kommt-zeit-kommt-rad.ch\/wp-content\/uploads\/2026\/04\/IMG_9659-300x225.jpeg 300w, https:\/\/kommt-zeit-kommt-rad.ch\/wp-content\/uploads\/2026\/04\/IMG_9659-1400x1050.jpeg 1400w, https:\/\/kommt-zeit-kommt-rad.ch\/wp-content\/uploads\/2026\/04\/IMG_9659-1536x1152.jpeg 1536w, https:\/\/kommt-zeit-kommt-rad.ch\/wp-content\/uploads\/2026\/04\/IMG_9659-2048x1536.jpeg 2048w\" sizes=\"(max-width: 768px) 100vw, 768px\" \/><\/a><\/figure>\n\n\n\n<figure class=\"wp-block-image size-medium_large\"><a href=\"https:\/\/kommt-zeit-kommt-rad.ch\/wp-content\/uploads\/2026\/04\/IMG_9685-scaled.jpeg\"><img loading=\"lazy\" decoding=\"async\" width=\"768\" height=\"576\" data-id=\"6650\" src=\"https:\/\/kommt-zeit-kommt-rad.ch\/wp-content\/uploads\/2026\/04\/IMG_9685-768x576.jpeg\" alt=\"\" class=\"wp-image-6650\" srcset=\"https:\/\/kommt-zeit-kommt-rad.ch\/wp-content\/uploads\/2026\/04\/IMG_9685-768x576.jpeg 768w, https:\/\/kommt-zeit-kommt-rad.ch\/wp-content\/uploads\/2026\/04\/IMG_9685-300x225.jpeg 300w, https:\/\/kommt-zeit-kommt-rad.ch\/wp-content\/uploads\/2026\/04\/IMG_9685-1400x1050.jpeg 1400w, https:\/\/kommt-zeit-kommt-rad.ch\/wp-content\/uploads\/2026\/04\/IMG_9685-1536x1152.jpeg 1536w, https:\/\/kommt-zeit-kommt-rad.ch\/wp-content\/uploads\/2026\/04\/IMG_9685-2048x1536.jpeg 2048w\" sizes=\"(max-width: 768px) 100vw, 768px\" \/><\/a><figcaption class=\"wp-element-caption\">Remnants of all the winter storms<\/figcaption><\/figure>\n\n\n\n<figure class=\"wp-block-image size-medium_large\"><a href=\"https:\/\/kommt-zeit-kommt-rad.ch\/wp-content\/uploads\/2026\/04\/IMG_9694-scaled.jpeg\"><img loading=\"lazy\" decoding=\"async\" width=\"768\" height=\"576\" data-id=\"6651\" src=\"https:\/\/kommt-zeit-kommt-rad.ch\/wp-content\/uploads\/2026\/04\/IMG_9694-768x576.jpeg\" alt=\"\" class=\"wp-image-6651\" srcset=\"https:\/\/kommt-zeit-kommt-rad.ch\/wp-content\/uploads\/2026\/04\/IMG_9694-768x576.jpeg 768w, https:\/\/kommt-zeit-kommt-rad.ch\/wp-content\/uploads\/2026\/04\/IMG_9694-300x225.jpeg 300w, https:\/\/kommt-zeit-kommt-rad.ch\/wp-content\/uploads\/2026\/04\/IMG_9694-1400x1050.jpeg 1400w, https:\/\/kommt-zeit-kommt-rad.ch\/wp-content\/uploads\/2026\/04\/IMG_9694-1536x1152.jpeg 1536w, https:\/\/kommt-zeit-kommt-rad.ch\/wp-content\/uploads\/2026\/04\/IMG_9694-2048x1536.jpeg 2048w\" sizes=\"(max-width: 768px) 100vw, 768px\" \/><\/a><figcaption class=\"wp-element-caption\">Fuck-Off Stick installed \ud83d\ude0e<\/figcaption><\/figure>\n\n\n\n<figure class=\"wp-block-image size-medium_large\"><a href=\"https:\/\/kommt-zeit-kommt-rad.ch\/wp-content\/uploads\/2026\/04\/IMG_9713-scaled.jpeg\"><img loading=\"lazy\" decoding=\"async\" width=\"768\" height=\"576\" data-id=\"6652\" src=\"https:\/\/kommt-zeit-kommt-rad.ch\/wp-content\/uploads\/2026\/04\/IMG_9713-768x576.jpeg\" alt=\"\" class=\"wp-image-6652\" srcset=\"https:\/\/kommt-zeit-kommt-rad.ch\/wp-content\/uploads\/2026\/04\/IMG_9713-768x576.jpeg 768w, https:\/\/kommt-zeit-kommt-rad.ch\/wp-content\/uploads\/2026\/04\/IMG_9713-300x225.jpeg 300w, https:\/\/kommt-zeit-kommt-rad.ch\/wp-content\/uploads\/2026\/04\/IMG_9713-1400x1050.jpeg 1400w, https:\/\/kommt-zeit-kommt-rad.ch\/wp-content\/uploads\/2026\/04\/IMG_9713-1536x1152.jpeg 1536w, https:\/\/kommt-zeit-kommt-rad.ch\/wp-content\/uploads\/2026\/04\/IMG_9713-2048x1536.jpeg 2048w\" sizes=\"(max-width: 768px) 100vw, 768px\" \/><\/a><\/figure>\n\n\n\n<figure class=\"wp-block-image size-medium_large\"><a href=\"https:\/\/kommt-zeit-kommt-rad.ch\/wp-content\/uploads\/2026\/04\/IMG_9725-scaled.jpeg\"><img loading=\"lazy\" decoding=\"async\" width=\"768\" height=\"576\" data-id=\"6653\" src=\"https:\/\/kommt-zeit-kommt-rad.ch\/wp-content\/uploads\/2026\/04\/IMG_9725-768x576.jpeg\" alt=\"\" class=\"wp-image-6653\" srcset=\"https:\/\/kommt-zeit-kommt-rad.ch\/wp-content\/uploads\/2026\/04\/IMG_9725-768x576.jpeg 768w, https:\/\/kommt-zeit-kommt-rad.ch\/wp-content\/uploads\/2026\/04\/IMG_9725-300x225.jpeg 300w, https:\/\/kommt-zeit-kommt-rad.ch\/wp-content\/uploads\/2026\/04\/IMG_9725-1400x1050.jpeg 1400w, https:\/\/kommt-zeit-kommt-rad.ch\/wp-content\/uploads\/2026\/04\/IMG_9725-1536x1152.jpeg 1536w, https:\/\/kommt-zeit-kommt-rad.ch\/wp-content\/uploads\/2026\/04\/IMG_9725-2048x1536.jpeg 2048w\" sizes=\"(max-width: 768px) 100vw, 768px\" \/><\/a><figcaption class=\"wp-element-caption\">Here, the bike path comes to an abrupt end once again<\/figcaption><\/figure>\n\n\n\n<figure class=\"wp-block-image size-medium_large\"><a href=\"https:\/\/kommt-zeit-kommt-rad.ch\/wp-content\/uploads\/2026\/04\/IMG_9726-scaled.jpeg\"><img loading=\"lazy\" decoding=\"async\" width=\"768\" height=\"576\" data-id=\"6654\" src=\"https:\/\/kommt-zeit-kommt-rad.ch\/wp-content\/uploads\/2026\/04\/IMG_9726-768x576.jpeg\" alt=\"\" class=\"wp-image-6654\" srcset=\"https:\/\/kommt-zeit-kommt-rad.ch\/wp-content\/uploads\/2026\/04\/IMG_9726-768x576.jpeg 768w, https:\/\/kommt-zeit-kommt-rad.ch\/wp-content\/uploads\/2026\/04\/IMG_9726-300x225.jpeg 300w, https:\/\/kommt-zeit-kommt-rad.ch\/wp-content\/uploads\/2026\/04\/IMG_9726-1400x1050.jpeg 1400w, https:\/\/kommt-zeit-kommt-rad.ch\/wp-content\/uploads\/2026\/04\/IMG_9726-1536x1152.jpeg 1536w, https:\/\/kommt-zeit-kommt-rad.ch\/wp-content\/uploads\/2026\/04\/IMG_9726-2048x1536.jpeg 2048w\" sizes=\"(max-width: 768px) 100vw, 768px\" \/><\/a><figcaption class=\"wp-element-caption\">as well as here<\/figcaption><\/figure>\n\n\n\n<figure class=\"wp-block-image size-medium_large\"><a href=\"https:\/\/kommt-zeit-kommt-rad.ch\/wp-content\/uploads\/2026\/04\/IMG_9734-scaled.jpeg\"><img loading=\"lazy\" decoding=\"async\" width=\"768\" height=\"576\" data-id=\"6655\" src=\"https:\/\/kommt-zeit-kommt-rad.ch\/wp-content\/uploads\/2026\/04\/IMG_9734-768x576.jpeg\" alt=\"\" class=\"wp-image-6655\" srcset=\"https:\/\/kommt-zeit-kommt-rad.ch\/wp-content\/uploads\/2026\/04\/IMG_9734-768x576.jpeg 768w, https:\/\/kommt-zeit-kommt-rad.ch\/wp-content\/uploads\/2026\/04\/IMG_9734-300x225.jpeg 300w, https:\/\/kommt-zeit-kommt-rad.ch\/wp-content\/uploads\/2026\/04\/IMG_9734-1400x1050.jpeg 1400w, https:\/\/kommt-zeit-kommt-rad.ch\/wp-content\/uploads\/2026\/04\/IMG_9734-1536x1152.jpeg 1536w, https:\/\/kommt-zeit-kommt-rad.ch\/wp-content\/uploads\/2026\/04\/IMG_9734-2048x1536.jpeg 2048w\" sizes=\"(max-width: 768px) 100vw, 768px\" \/><\/a><figcaption class=\"wp-element-caption\">As soon as I arrived in Lisbon, I spotted the famous Tram 28.<\/figcaption><\/figure>\n\n\n\n<figure class=\"wp-block-image size-medium_large\"><a href=\"https:\/\/kommt-zeit-kommt-rad.ch\/wp-content\/uploads\/2026\/04\/IMG_9737-scaled.jpeg\"><img loading=\"lazy\" decoding=\"async\" width=\"768\" height=\"576\" data-id=\"6656\" src=\"https:\/\/kommt-zeit-kommt-rad.ch\/wp-content\/uploads\/2026\/04\/IMG_9737-768x576.jpeg\" alt=\"\" class=\"wp-image-6656\" srcset=\"https:\/\/kommt-zeit-kommt-rad.ch\/wp-content\/uploads\/2026\/04\/IMG_9737-768x576.jpeg 768w, https:\/\/kommt-zeit-kommt-rad.ch\/wp-content\/uploads\/2026\/04\/IMG_9737-300x225.jpeg 300w, https:\/\/kommt-zeit-kommt-rad.ch\/wp-content\/uploads\/2026\/04\/IMG_9737-1400x1050.jpeg 1400w, https:\/\/kommt-zeit-kommt-rad.ch\/wp-content\/uploads\/2026\/04\/IMG_9737-1536x1152.jpeg 1536w, https:\/\/kommt-zeit-kommt-rad.ch\/wp-content\/uploads\/2026\/04\/IMG_9737-2048x1536.jpeg 2048w\" sizes=\"(max-width: 768px) 100vw, 768px\" \/><\/a><figcaption class=\"wp-element-caption\">Dogs are like cats\u2014they always gravitate toward the people who aren&#8217;t really interested in them. Arturo is our Warmshowers hosts&#8217; dog. <\/figcaption><\/figure>\n\n\n\n<figure class=\"wp-block-image size-medium_large\"><a href=\"https:\/\/kommt-zeit-kommt-rad.ch\/wp-content\/uploads\/2026\/04\/IMG_9756-scaled.jpeg\"><img loading=\"lazy\" decoding=\"async\" width=\"768\" height=\"576\" data-id=\"6657\" src=\"https:\/\/kommt-zeit-kommt-rad.ch\/wp-content\/uploads\/2026\/04\/IMG_9756-768x576.jpeg\" alt=\"\" class=\"wp-image-6657\" srcset=\"https:\/\/kommt-zeit-kommt-rad.ch\/wp-content\/uploads\/2026\/04\/IMG_9756-768x576.jpeg 768w, https:\/\/kommt-zeit-kommt-rad.ch\/wp-content\/uploads\/2026\/04\/IMG_9756-300x225.jpeg 300w, https:\/\/kommt-zeit-kommt-rad.ch\/wp-content\/uploads\/2026\/04\/IMG_9756-1400x1050.jpeg 1400w, https:\/\/kommt-zeit-kommt-rad.ch\/wp-content\/uploads\/2026\/04\/IMG_9756-1536x1152.jpeg 1536w, https:\/\/kommt-zeit-kommt-rad.ch\/wp-content\/uploads\/2026\/04\/IMG_9756-2048x1536.jpeg 2048w\" sizes=\"(max-width: 768px) 100vw, 768px\" \/><\/a><figcaption class=\"wp-element-caption\">Sightseeing for us, too.<\/figcaption><\/figure>\n\n\n\n<figure class=\"wp-block-image size-medium_large\"><a href=\"https:\/\/kommt-zeit-kommt-rad.ch\/wp-content\/uploads\/2026\/04\/IMG_9763-scaled.jpeg\"><img loading=\"lazy\" decoding=\"async\" width=\"768\" height=\"576\" data-id=\"6658\" src=\"https:\/\/kommt-zeit-kommt-rad.ch\/wp-content\/uploads\/2026\/04\/IMG_9763-768x576.jpeg\" alt=\"\" class=\"wp-image-6658\" srcset=\"https:\/\/kommt-zeit-kommt-rad.ch\/wp-content\/uploads\/2026\/04\/IMG_9763-768x576.jpeg 768w, https:\/\/kommt-zeit-kommt-rad.ch\/wp-content\/uploads\/2026\/04\/IMG_9763-300x225.jpeg 300w, https:\/\/kommt-zeit-kommt-rad.ch\/wp-content\/uploads\/2026\/04\/IMG_9763-1400x1050.jpeg 1400w, https:\/\/kommt-zeit-kommt-rad.ch\/wp-content\/uploads\/2026\/04\/IMG_9763-1536x1152.jpeg 1536w, https:\/\/kommt-zeit-kommt-rad.ch\/wp-content\/uploads\/2026\/04\/IMG_9763-2048x1536.jpeg 2048w\" sizes=\"(max-width: 768px) 100vw, 768px\" \/><\/a><\/figure>\n\n\n\n<figure class=\"wp-block-image size-medium_large\"><a href=\"https:\/\/kommt-zeit-kommt-rad.ch\/wp-content\/uploads\/2026\/04\/IMG_9769-scaled.jpeg\"><img loading=\"lazy\" decoding=\"async\" width=\"768\" height=\"576\" data-id=\"6659\" src=\"https:\/\/kommt-zeit-kommt-rad.ch\/wp-content\/uploads\/2026\/04\/IMG_9769-768x576.jpeg\" alt=\"\" class=\"wp-image-6659\" srcset=\"https:\/\/kommt-zeit-kommt-rad.ch\/wp-content\/uploads\/2026\/04\/IMG_9769-768x576.jpeg 768w, https:\/\/kommt-zeit-kommt-rad.ch\/wp-content\/uploads\/2026\/04\/IMG_9769-300x225.jpeg 300w, https:\/\/kommt-zeit-kommt-rad.ch\/wp-content\/uploads\/2026\/04\/IMG_9769-1400x1050.jpeg 1400w, https:\/\/kommt-zeit-kommt-rad.ch\/wp-content\/uploads\/2026\/04\/IMG_9769-1536x1152.jpeg 1536w, https:\/\/kommt-zeit-kommt-rad.ch\/wp-content\/uploads\/2026\/04\/IMG_9769-2048x1536.jpeg 2048w\" sizes=\"(max-width: 768px) 100vw, 768px\" \/><\/a><\/figure>\n\n\n\n<figure class=\"wp-block-image size-medium_large\"><a href=\"https:\/\/kommt-zeit-kommt-rad.ch\/wp-content\/uploads\/2026\/04\/IMG_0287-scaled.jpeg\"><img loading=\"lazy\" decoding=\"async\" width=\"768\" height=\"576\" data-id=\"6633\" src=\"https:\/\/kommt-zeit-kommt-rad.ch\/wp-content\/uploads\/2026\/04\/IMG_0287-768x576.jpeg\" alt=\"\" class=\"wp-image-6633\" srcset=\"https:\/\/kommt-zeit-kommt-rad.ch\/wp-content\/uploads\/2026\/04\/IMG_0287-768x576.jpeg 768w, https:\/\/kommt-zeit-kommt-rad.ch\/wp-content\/uploads\/2026\/04\/IMG_0287-300x225.jpeg 300w, https:\/\/kommt-zeit-kommt-rad.ch\/wp-content\/uploads\/2026\/04\/IMG_0287-1400x1050.jpeg 1400w, https:\/\/kommt-zeit-kommt-rad.ch\/wp-content\/uploads\/2026\/04\/IMG_0287-1536x1152.jpeg 1536w, https:\/\/kommt-zeit-kommt-rad.ch\/wp-content\/uploads\/2026\/04\/IMG_0287-2048x1536.jpeg 2048w\" sizes=\"(max-width: 768px) 100vw, 768px\" \/><\/a><\/figure>\n<\/figure>\n\n<p>Find out in our next blog post whether EuroVelo 1 will take us away from the coast \ud83d\ude4b\u200d\u2640\ufe0f\ud83d\ude4b\u200d\u2642\ufe0f.<\/p>\n\n<p>For even more insight into our everyday cycling life, check out our latest video:<\/p>\n\n<figure class=\"wp-block-embed is-type-video is-provider-youtube wp-block-embed-youtube wp-embed-aspect-16-9 wp-has-aspect-ratio\"><div class=\"wp-block-embed__wrapper\">\n<iframe title=\"[30] Zuru\u0308ck auf dem Festland \u2013 Ku\u0308sten, Kontraste und kleine Abenteuer von Ca\u0301diz bis Lissabon\" width=\"500\" height=\"281\" src=\"https:\/\/www.youtube.com\/embed\/kTk3RhKpVe0?feature=oembed\" frameborder=\"0\" allow=\"accelerometer; autoplay; clipboard-write; encrypted-media; gyroscope; picture-in-picture; web-share\" referrerpolicy=\"strict-origin-when-cross-origin\" allowfullscreen><\/iframe>\n<\/div><\/figure>\n","protected":false},"excerpt":{"rendered":"<p>Route to the blog: We arrive in C\u00e1diz by ferry right on time at 8 a.m. Our rough plan is to first ride along the [&hellip;]<\/p>\n","protected":false},"author":1,"featured_media":6673,"comment_status":"open","ping_status":"closed","sticky":false,"template":"","format":"standard","meta":{"_acf_changed":false,"site-sidebar-layout":"default","site-content-layout":"","ast-site-content-layout":"default","site-content-style":"default","site-sidebar-style":"default","ast-global-header-display":"","ast-banner-title-visibility":"","ast-main-header-display":"","ast-hfb-above-header-display":"","ast-hfb-below-header-display":"","ast-hfb-mobile-header-display":"","site-post-title":"","ast-breadcrumbs-content":"","ast-featured-img":"","footer-sml-layout":"","ast-disable-related-posts":"","theme-transparent-header-meta":"","adv-header-id-meta":"","stick-header-meta":"","header-above-stick-meta":"","header-main-stick-meta":"","header-below-stick-meta":"","astra-migrate-meta-layouts":"default","ast-page-background-enabled":"default","ast-page-background-meta":{"desktop":{"background-color":"","background-image":"","background-repeat":"repeat","background-position":"center center","background-size":"auto","background-attachment":"scroll","background-type":"","background-media":"","overlay-type":"","overlay-color":"","overlay-opacity":"","overlay-gradient":""},"tablet":{"background-color":"","background-image":"","background-repeat":"repeat","background-position":"center center","background-size":"auto","background-attachment":"scroll","background-type":"","background-media":"","overlay-type":"","overlay-color":"","overlay-opacity":"","overlay-gradient":""},"mobile":{"background-color":"","background-image":"","background-repeat":"repeat","background-position":"center center","background-size":"auto","background-attachment":"scroll","background-type":"","background-media":"","overlay-type":"","overlay-color":"","overlay-opacity":"","overlay-gradient":""}},"ast-content-background-meta":{"desktop":{"background-color":"var(--ast-global-color-5)","background-image":"","background-repeat":"repeat","background-position":"center center","background-size":"auto","background-attachment":"scroll","background-type":"","background-media":"","overlay-type":"","overlay-color":"","overlay-opacity":"","overlay-gradient":""},"tablet":{"background-color":"var(--ast-global-color-5)","background-image":"","background-repeat":"repeat","background-position":"center center","background-size":"auto","background-attachment":"scroll","background-type":"","background-media":"","overlay-type":"","overlay-color":"","overlay-opacity":"","overlay-gradient":""},"mobile":{"background-color":"var(--ast-global-color-5)","background-image":"","background-repeat":"repeat","background-position":"center center","background-size":"auto","background-attachment":"scroll","background-type":"","background-media":"","overlay-type":"","overlay-color":"","overlay-opacity":"","overlay-gradient":""}},"footnotes":""},"categories":[117,101],"tags":[],"class_list":["post-6674","post","type-post","status-publish","format-standard","has-post-thumbnail","hentry","category-portugal","category-spain"],"acf":[],"yoast_head":"<!-- This site is optimized with the Yoast SEO plugin v27.5 - https:\/\/yoast.com\/product\/yoast-seo-wordpress\/ -->\n<title>Back on the mainland \u2013 coasts, contrasts, and little adventures from C\u00e1diz to Lisbon - Kommt Zeit Kommt Rad<\/title>\n<meta name=\"robots\" content=\"index, follow, max-snippet:-1, max-image-preview:large, max-video-preview:-1\" \/>\n<link rel=\"canonical\" href=\"https:\/\/kommt-zeit-kommt-rad.ch\/en\/back-on-the-mainland-coasts-contrasts-and-little-adventures-from-cadiz-to-lisbon\/\" \/>\n<meta property=\"og:locale\" content=\"en_US\" \/>\n<meta property=\"og:type\" content=\"article\" \/>\n<meta property=\"og:title\" content=\"Back on the mainland \u2013 coasts, contrasts, and little adventures from C\u00e1diz to Lisbon - Kommt Zeit Kommt Rad\" \/>\n<meta property=\"og:description\" content=\"Route to the blog: We arrive in C\u00e1diz by ferry right on time at 8 a.m. Our rough plan is to first ride along the [&hellip;]\" \/>\n<meta property=\"og:url\" content=\"https:\/\/kommt-zeit-kommt-rad.ch\/en\/back-on-the-mainland-coasts-contrasts-and-little-adventures-from-cadiz-to-lisbon\/\" \/>\n<meta property=\"og:site_name\" content=\"Kommt Zeit Kommt Rad\" \/>\n<meta property=\"article:published_time\" content=\"2026-04-28T16:20:54+00:00\" \/>\n<meta property=\"article:modified_time\" content=\"2026-04-28T16:37:55+00:00\" \/>\n<meta property=\"og:image\" content=\"https:\/\/kommt-zeit-kommt-rad.ch\/wp-content\/uploads\/2026\/04\/Titelbild-Wieder-auf-dem-Festland.jpg\" \/>\n\t<meta property=\"og:image:width\" content=\"3585\" \/>\n\t<meta property=\"og:image:height\" content=\"1834\" \/>\n\t<meta property=\"og:image:type\" content=\"image\/jpeg\" \/>\n<meta name=\"author\" content=\"Nicole &amp; Beni\" \/>\n<meta name=\"twitter:card\" content=\"summary_large_image\" \/>\n<meta name=\"twitter:label1\" content=\"Written by\" \/>\n\t<meta name=\"twitter:data1\" content=\"Nicole &amp; Beni\" \/>\n\t<meta name=\"twitter:label2\" content=\"Est. reading time\" \/>\n\t<meta name=\"twitter:data2\" content=\"11 minutes\" \/>\n<script type=\"application\/ld+json\" class=\"yoast-schema-graph\">{\"@context\":\"https:\\\/\\\/schema.org\",\"@graph\":[{\"@type\":\"Article\",\"@id\":\"https:\\\/\\\/kommt-zeit-kommt-rad.ch\\\/en\\\/back-on-the-mainland-coasts-contrasts-and-little-adventures-from-cadiz-to-lisbon\\\/#article\",\"isPartOf\":{\"@id\":\"https:\\\/\\\/kommt-zeit-kommt-rad.ch\\\/en\\\/back-on-the-mainland-coasts-contrasts-and-little-adventures-from-cadiz-to-lisbon\\\/\"},\"author\":{\"name\":\"Nicole &amp; Beni\",\"@id\":\"https:\\\/\\\/kommt-zeit-kommt-rad.ch\\\/en\\\/#\\\/schema\\\/person\\\/439c7f5a799073468afbf5e9152c78ff\"},\"headline\":\"Back on the mainland \u2013 coasts, contrasts, and little adventures from C\u00e1diz to Lisbon\",\"datePublished\":\"2026-04-28T16:20:54+00:00\",\"dateModified\":\"2026-04-28T16:37:55+00:00\",\"mainEntityOfPage\":{\"@id\":\"https:\\\/\\\/kommt-zeit-kommt-rad.ch\\\/en\\\/back-on-the-mainland-coasts-contrasts-and-little-adventures-from-cadiz-to-lisbon\\\/\"},\"wordCount\":2126,\"commentCount\":0,\"publisher\":{\"@id\":\"https:\\\/\\\/kommt-zeit-kommt-rad.ch\\\/en\\\/#organization\"},\"image\":{\"@id\":\"https:\\\/\\\/kommt-zeit-kommt-rad.ch\\\/en\\\/back-on-the-mainland-coasts-contrasts-and-little-adventures-from-cadiz-to-lisbon\\\/#primaryimage\"},\"thumbnailUrl\":\"https:\\\/\\\/kommt-zeit-kommt-rad.ch\\\/wp-content\\\/uploads\\\/2026\\\/04\\\/Titelbild-Wieder-auf-dem-Festland.jpg\",\"articleSection\":[\"Portugal\",\"Spain\"],\"inLanguage\":\"en-US\",\"potentialAction\":[{\"@type\":\"CommentAction\",\"name\":\"Comment\",\"target\":[\"https:\\\/\\\/kommt-zeit-kommt-rad.ch\\\/en\\\/back-on-the-mainland-coasts-contrasts-and-little-adventures-from-cadiz-to-lisbon\\\/#respond\"]}]},{\"@type\":\"WebPage\",\"@id\":\"https:\\\/\\\/kommt-zeit-kommt-rad.ch\\\/en\\\/back-on-the-mainland-coasts-contrasts-and-little-adventures-from-cadiz-to-lisbon\\\/\",\"url\":\"https:\\\/\\\/kommt-zeit-kommt-rad.ch\\\/en\\\/back-on-the-mainland-coasts-contrasts-and-little-adventures-from-cadiz-to-lisbon\\\/\",\"name\":\"Back on the mainland \u2013 coasts, contrasts, and little adventures from C\u00e1diz to Lisbon - Kommt Zeit Kommt Rad\",\"isPartOf\":{\"@id\":\"https:\\\/\\\/kommt-zeit-kommt-rad.ch\\\/en\\\/#website\"},\"primaryImageOfPage\":{\"@id\":\"https:\\\/\\\/kommt-zeit-kommt-rad.ch\\\/en\\\/back-on-the-mainland-coasts-contrasts-and-little-adventures-from-cadiz-to-lisbon\\\/#primaryimage\"},\"image\":{\"@id\":\"https:\\\/\\\/kommt-zeit-kommt-rad.ch\\\/en\\\/back-on-the-mainland-coasts-contrasts-and-little-adventures-from-cadiz-to-lisbon\\\/#primaryimage\"},\"thumbnailUrl\":\"https:\\\/\\\/kommt-zeit-kommt-rad.ch\\\/wp-content\\\/uploads\\\/2026\\\/04\\\/Titelbild-Wieder-auf-dem-Festland.jpg\",\"datePublished\":\"2026-04-28T16:20:54+00:00\",\"dateModified\":\"2026-04-28T16:37:55+00:00\",\"breadcrumb\":{\"@id\":\"https:\\\/\\\/kommt-zeit-kommt-rad.ch\\\/en\\\/back-on-the-mainland-coasts-contrasts-and-little-adventures-from-cadiz-to-lisbon\\\/#breadcrumb\"},\"inLanguage\":\"en-US\",\"potentialAction\":[{\"@type\":\"ReadAction\",\"target\":[\"https:\\\/\\\/kommt-zeit-kommt-rad.ch\\\/en\\\/back-on-the-mainland-coasts-contrasts-and-little-adventures-from-cadiz-to-lisbon\\\/\"]}]},{\"@type\":\"ImageObject\",\"inLanguage\":\"en-US\",\"@id\":\"https:\\\/\\\/kommt-zeit-kommt-rad.ch\\\/en\\\/back-on-the-mainland-coasts-contrasts-and-little-adventures-from-cadiz-to-lisbon\\\/#primaryimage\",\"url\":\"https:\\\/\\\/kommt-zeit-kommt-rad.ch\\\/wp-content\\\/uploads\\\/2026\\\/04\\\/Titelbild-Wieder-auf-dem-Festland.jpg\",\"contentUrl\":\"https:\\\/\\\/kommt-zeit-kommt-rad.ch\\\/wp-content\\\/uploads\\\/2026\\\/04\\\/Titelbild-Wieder-auf-dem-Festland.jpg\",\"width\":3585,\"height\":1834},{\"@type\":\"BreadcrumbList\",\"@id\":\"https:\\\/\\\/kommt-zeit-kommt-rad.ch\\\/en\\\/back-on-the-mainland-coasts-contrasts-and-little-adventures-from-cadiz-to-lisbon\\\/#breadcrumb\",\"itemListElement\":[{\"@type\":\"ListItem\",\"position\":1,\"name\":\"Home\",\"item\":\"https:\\\/\\\/kommt-zeit-kommt-rad.ch\\\/en\\\/\"},{\"@type\":\"ListItem\",\"position\":2,\"name\":\"Back on the mainland \u2013 coasts, contrasts, and little adventures from C\u00e1diz to Lisbon\"}]},{\"@type\":\"WebSite\",\"@id\":\"https:\\\/\\\/kommt-zeit-kommt-rad.ch\\\/en\\\/#website\",\"url\":\"https:\\\/\\\/kommt-zeit-kommt-rad.ch\\\/en\\\/\",\"name\":\"Kommt Zeit Kommt Rad\",\"description\":\"\",\"publisher\":{\"@id\":\"https:\\\/\\\/kommt-zeit-kommt-rad.ch\\\/en\\\/#organization\"},\"potentialAction\":[{\"@type\":\"SearchAction\",\"target\":{\"@type\":\"EntryPoint\",\"urlTemplate\":\"https:\\\/\\\/kommt-zeit-kommt-rad.ch\\\/en\\\/?s={search_term_string}\"},\"query-input\":{\"@type\":\"PropertyValueSpecification\",\"valueRequired\":true,\"valueName\":\"search_term_string\"}}],\"inLanguage\":\"en-US\"},{\"@type\":\"Organization\",\"@id\":\"https:\\\/\\\/kommt-zeit-kommt-rad.ch\\\/en\\\/#organization\",\"name\":\"Kommt Zeit kommt Rad\",\"url\":\"https:\\\/\\\/kommt-zeit-kommt-rad.ch\\\/en\\\/\",\"logo\":{\"@type\":\"ImageObject\",\"inLanguage\":\"en-US\",\"@id\":\"https:\\\/\\\/kommt-zeit-kommt-rad.ch\\\/en\\\/#\\\/schema\\\/logo\\\/image\\\/\",\"url\":\"https:\\\/\\\/kommt-zeit-kommt-rad.ch\\\/wp-content\\\/uploads\\\/2020\\\/05\\\/Kommt-Zeit-kommt-Rad-Logo-scaled.jpg\",\"contentUrl\":\"https:\\\/\\\/kommt-zeit-kommt-rad.ch\\\/wp-content\\\/uploads\\\/2020\\\/05\\\/Kommt-Zeit-kommt-Rad-Logo-scaled.jpg\",\"width\":2560,\"height\":1654,\"caption\":\"Kommt Zeit kommt Rad\"},\"image\":{\"@id\":\"https:\\\/\\\/kommt-zeit-kommt-rad.ch\\\/en\\\/#\\\/schema\\\/logo\\\/image\\\/\"}},{\"@type\":\"Person\",\"@id\":\"https:\\\/\\\/kommt-zeit-kommt-rad.ch\\\/en\\\/#\\\/schema\\\/person\\\/439c7f5a799073468afbf5e9152c78ff\",\"name\":\"Nicole &amp; Beni\",\"image\":{\"@type\":\"ImageObject\",\"inLanguage\":\"en-US\",\"@id\":\"https:\\\/\\\/kommt-zeit-kommt-rad.ch\\\/wp-content\\\/litespeed\\\/avatar\\\/4d6e0b6af0631f410a214768c1502a8c.jpg?ver=1777394937\",\"url\":\"https:\\\/\\\/kommt-zeit-kommt-rad.ch\\\/wp-content\\\/litespeed\\\/avatar\\\/4d6e0b6af0631f410a214768c1502a8c.jpg?ver=1777394937\",\"contentUrl\":\"https:\\\/\\\/kommt-zeit-kommt-rad.ch\\\/wp-content\\\/litespeed\\\/avatar\\\/4d6e0b6af0631f410a214768c1502a8c.jpg?ver=1777394937\",\"caption\":\"Nicole &amp; Beni\"},\"sameAs\":[\"https:\\\/\\\/kommt-zeit-kommt-rad.ch\"],\"url\":\"https:\\\/\\\/kommt-zeit-kommt-rad.ch\\\/en\\\/author\\\/benigasser_i50fe5g1\\\/\"}]}<\/script>\n<!-- \/ Yoast SEO plugin. -->","yoast_head_json":{"title":"Back on the mainland \u2013 coasts, contrasts, and little adventures from C\u00e1diz to Lisbon - Kommt Zeit Kommt Rad","robots":{"index":"index","follow":"follow","max-snippet":"max-snippet:-1","max-image-preview":"max-image-preview:large","max-video-preview":"max-video-preview:-1"},"canonical":"https:\/\/kommt-zeit-kommt-rad.ch\/en\/back-on-the-mainland-coasts-contrasts-and-little-adventures-from-cadiz-to-lisbon\/","og_locale":"en_US","og_type":"article","og_title":"Back on the mainland \u2013 coasts, contrasts, and little adventures from C\u00e1diz to Lisbon - Kommt Zeit Kommt Rad","og_description":"Route to the blog: We arrive in C\u00e1diz by ferry right on time at 8 a.m. Our rough plan is to first ride along the [&hellip;]","og_url":"https:\/\/kommt-zeit-kommt-rad.ch\/en\/back-on-the-mainland-coasts-contrasts-and-little-adventures-from-cadiz-to-lisbon\/","og_site_name":"Kommt Zeit Kommt Rad","article_published_time":"2026-04-28T16:20:54+00:00","article_modified_time":"2026-04-28T16:37:55+00:00","og_image":[{"width":3585,"height":1834,"url":"https:\/\/kommt-zeit-kommt-rad.ch\/wp-content\/uploads\/2026\/04\/Titelbild-Wieder-auf-dem-Festland.jpg","type":"image\/jpeg"}],"author":"Nicole &amp; Beni","twitter_card":"summary_large_image","twitter_misc":{"Written by":"Nicole &amp; Beni","Est. reading time":"11 minutes"},"schema":{"@context":"https:\/\/schema.org","@graph":[{"@type":"Article","@id":"https:\/\/kommt-zeit-kommt-rad.ch\/en\/back-on-the-mainland-coasts-contrasts-and-little-adventures-from-cadiz-to-lisbon\/#article","isPartOf":{"@id":"https:\/\/kommt-zeit-kommt-rad.ch\/en\/back-on-the-mainland-coasts-contrasts-and-little-adventures-from-cadiz-to-lisbon\/"},"author":{"name":"Nicole &amp; Beni","@id":"https:\/\/kommt-zeit-kommt-rad.ch\/en\/#\/schema\/person\/439c7f5a799073468afbf5e9152c78ff"},"headline":"Back on the mainland \u2013 coasts, contrasts, and little adventures from C\u00e1diz to Lisbon","datePublished":"2026-04-28T16:20:54+00:00","dateModified":"2026-04-28T16:37:55+00:00","mainEntityOfPage":{"@id":"https:\/\/kommt-zeit-kommt-rad.ch\/en\/back-on-the-mainland-coasts-contrasts-and-little-adventures-from-cadiz-to-lisbon\/"},"wordCount":2126,"commentCount":0,"publisher":{"@id":"https:\/\/kommt-zeit-kommt-rad.ch\/en\/#organization"},"image":{"@id":"https:\/\/kommt-zeit-kommt-rad.ch\/en\/back-on-the-mainland-coasts-contrasts-and-little-adventures-from-cadiz-to-lisbon\/#primaryimage"},"thumbnailUrl":"https:\/\/kommt-zeit-kommt-rad.ch\/wp-content\/uploads\/2026\/04\/Titelbild-Wieder-auf-dem-Festland.jpg","articleSection":["Portugal","Spain"],"inLanguage":"en-US","potentialAction":[{"@type":"CommentAction","name":"Comment","target":["https:\/\/kommt-zeit-kommt-rad.ch\/en\/back-on-the-mainland-coasts-contrasts-and-little-adventures-from-cadiz-to-lisbon\/#respond"]}]},{"@type":"WebPage","@id":"https:\/\/kommt-zeit-kommt-rad.ch\/en\/back-on-the-mainland-coasts-contrasts-and-little-adventures-from-cadiz-to-lisbon\/","url":"https:\/\/kommt-zeit-kommt-rad.ch\/en\/back-on-the-mainland-coasts-contrasts-and-little-adventures-from-cadiz-to-lisbon\/","name":"Back on the mainland \u2013 coasts, contrasts, and little adventures from C\u00e1diz to Lisbon - Kommt Zeit Kommt Rad","isPartOf":{"@id":"https:\/\/kommt-zeit-kommt-rad.ch\/en\/#website"},"primaryImageOfPage":{"@id":"https:\/\/kommt-zeit-kommt-rad.ch\/en\/back-on-the-mainland-coasts-contrasts-and-little-adventures-from-cadiz-to-lisbon\/#primaryimage"},"image":{"@id":"https:\/\/kommt-zeit-kommt-rad.ch\/en\/back-on-the-mainland-coasts-contrasts-and-little-adventures-from-cadiz-to-lisbon\/#primaryimage"},"thumbnailUrl":"https:\/\/kommt-zeit-kommt-rad.ch\/wp-content\/uploads\/2026\/04\/Titelbild-Wieder-auf-dem-Festland.jpg","datePublished":"2026-04-28T16:20:54+00:00","dateModified":"2026-04-28T16:37:55+00:00","breadcrumb":{"@id":"https:\/\/kommt-zeit-kommt-rad.ch\/en\/back-on-the-mainland-coasts-contrasts-and-little-adventures-from-cadiz-to-lisbon\/#breadcrumb"},"inLanguage":"en-US","potentialAction":[{"@type":"ReadAction","target":["https:\/\/kommt-zeit-kommt-rad.ch\/en\/back-on-the-mainland-coasts-contrasts-and-little-adventures-from-cadiz-to-lisbon\/"]}]},{"@type":"ImageObject","inLanguage":"en-US","@id":"https:\/\/kommt-zeit-kommt-rad.ch\/en\/back-on-the-mainland-coasts-contrasts-and-little-adventures-from-cadiz-to-lisbon\/#primaryimage","url":"https:\/\/kommt-zeit-kommt-rad.ch\/wp-content\/uploads\/2026\/04\/Titelbild-Wieder-auf-dem-Festland.jpg","contentUrl":"https:\/\/kommt-zeit-kommt-rad.ch\/wp-content\/uploads\/2026\/04\/Titelbild-Wieder-auf-dem-Festland.jpg","width":3585,"height":1834},{"@type":"BreadcrumbList","@id":"https:\/\/kommt-zeit-kommt-rad.ch\/en\/back-on-the-mainland-coasts-contrasts-and-little-adventures-from-cadiz-to-lisbon\/#breadcrumb","itemListElement":[{"@type":"ListItem","position":1,"name":"Home","item":"https:\/\/kommt-zeit-kommt-rad.ch\/en\/"},{"@type":"ListItem","position":2,"name":"Back on the mainland \u2013 coasts, contrasts, and little adventures from C\u00e1diz to Lisbon"}]},{"@type":"WebSite","@id":"https:\/\/kommt-zeit-kommt-rad.ch\/en\/#website","url":"https:\/\/kommt-zeit-kommt-rad.ch\/en\/","name":"Kommt Zeit Kommt Rad","description":"","publisher":{"@id":"https:\/\/kommt-zeit-kommt-rad.ch\/en\/#organization"},"potentialAction":[{"@type":"SearchAction","target":{"@type":"EntryPoint","urlTemplate":"https:\/\/kommt-zeit-kommt-rad.ch\/en\/?s={search_term_string}"},"query-input":{"@type":"PropertyValueSpecification","valueRequired":true,"valueName":"search_term_string"}}],"inLanguage":"en-US"},{"@type":"Organization","@id":"https:\/\/kommt-zeit-kommt-rad.ch\/en\/#organization","name":"Kommt Zeit kommt Rad","url":"https:\/\/kommt-zeit-kommt-rad.ch\/en\/","logo":{"@type":"ImageObject","inLanguage":"en-US","@id":"https:\/\/kommt-zeit-kommt-rad.ch\/en\/#\/schema\/logo\/image\/","url":"https:\/\/kommt-zeit-kommt-rad.ch\/wp-content\/uploads\/2020\/05\/Kommt-Zeit-kommt-Rad-Logo-scaled.jpg","contentUrl":"https:\/\/kommt-zeit-kommt-rad.ch\/wp-content\/uploads\/2020\/05\/Kommt-Zeit-kommt-Rad-Logo-scaled.jpg","width":2560,"height":1654,"caption":"Kommt Zeit kommt Rad"},"image":{"@id":"https:\/\/kommt-zeit-kommt-rad.ch\/en\/#\/schema\/logo\/image\/"}},{"@type":"Person","@id":"https:\/\/kommt-zeit-kommt-rad.ch\/en\/#\/schema\/person\/439c7f5a799073468afbf5e9152c78ff","name":"Nicole &amp; Beni","image":{"@type":"ImageObject","inLanguage":"en-US","@id":"https:\/\/kommt-zeit-kommt-rad.ch\/wp-content\/litespeed\/avatar\/4d6e0b6af0631f410a214768c1502a8c.jpg?ver=1777394937","url":"https:\/\/kommt-zeit-kommt-rad.ch\/wp-content\/litespeed\/avatar\/4d6e0b6af0631f410a214768c1502a8c.jpg?ver=1777394937","contentUrl":"https:\/\/kommt-zeit-kommt-rad.ch\/wp-content\/litespeed\/avatar\/4d6e0b6af0631f410a214768c1502a8c.jpg?ver=1777394937","caption":"Nicole &amp; Beni"},"sameAs":["https:\/\/kommt-zeit-kommt-rad.ch"],"url":"https:\/\/kommt-zeit-kommt-rad.ch\/en\/author\/benigasser_i50fe5g1\/"}]}},"_links":{"self":[{"href":"https:\/\/kommt-zeit-kommt-rad.ch\/en\/wp-json\/wp\/v2\/posts\/6674","targetHints":{"allow":["GET"]}}],"collection":[{"href":"https:\/\/kommt-zeit-kommt-rad.ch\/en\/wp-json\/wp\/v2\/posts"}],"about":[{"href":"https:\/\/kommt-zeit-kommt-rad.ch\/en\/wp-json\/wp\/v2\/types\/post"}],"author":[{"embeddable":true,"href":"https:\/\/kommt-zeit-kommt-rad.ch\/en\/wp-json\/wp\/v2\/users\/1"}],"replies":[{"embeddable":true,"href":"https:\/\/kommt-zeit-kommt-rad.ch\/en\/wp-json\/wp\/v2\/comments?post=6674"}],"version-history":[{"count":4,"href":"https:\/\/kommt-zeit-kommt-rad.ch\/en\/wp-json\/wp\/v2\/posts\/6674\/revisions"}],"predecessor-version":[{"id":6679,"href":"https:\/\/kommt-zeit-kommt-rad.ch\/en\/wp-json\/wp\/v2\/posts\/6674\/revisions\/6679"}],"wp:featuredmedia":[{"embeddable":true,"href":"https:\/\/kommt-zeit-kommt-rad.ch\/en\/wp-json\/wp\/v2\/media\/6673"}],"wp:attachment":[{"href":"https:\/\/kommt-zeit-kommt-rad.ch\/en\/wp-json\/wp\/v2\/media?parent=6674"}],"wp:term":[{"taxonomy":"category","embeddable":true,"href":"https:\/\/kommt-zeit-kommt-rad.ch\/en\/wp-json\/wp\/v2\/categories?post=6674"},{"taxonomy":"post_tag","embeddable":true,"href":"https:\/\/kommt-zeit-kommt-rad.ch\/en\/wp-json\/wp\/v2\/tags?post=6674"}],"curies":[{"name":"wp","href":"https:\/\/api.w.org\/{rel}","templated":true}]}}